{"id":1939,"date":"2018-03-21T18:58:01","date_gmt":"2018-03-21T17:58:01","guid":{"rendered":"http:\/\/agora.xtec.cat\/iesalfacs\/?p=1939"},"modified":"2018-04-02T12:45:34","modified_gmt":"2018-04-02T10:45:34","slug":"21-de-marc-dia-mundial-de-la-poesia","status":"publish","type":"post","link":"https:\/\/agora.xtec.cat\/iesalfacs\/general\/21-de-marc-dia-mundial-de-la-poesia\/","title":{"rendered":"21 DE MAR\u00c7, DIA MUNDIAL DE LA POESIA"},"content":{"rendered":"<p>Dilluns el t\u00e8cnic de cultura de l&#8217;ajuntament, Pau Lleix\u00e0, va poder enregistrar per a R\u00e0dio R\u00e0pita els alumnes de l&#8217;Aula d&#8217;Acollida recitant en les seues lleng\u00fces maternes la poesia del poeta Marc Granell, escrita i tradu\u00efda a trenta lleng\u00fces amb motiu de la iniciativa de la Instituci\u00f3 de les Lletres Catalanes de fer difusi\u00f3 d&#8217;aquest g\u00e8nere. Cliqueu <a href=\"https:\/\/issuu.com\/lletres.gencat\/docs\/fullet_dmp_2018_14feb18\">aqu\u00ed <\/a>per veure opuscle Dia Mundial de la Poesia.<\/p>\n<p>Andr\u00e9s Machado va recitar en castell\u00e0; Danila Musakov, en rus; Fatou Samb, en w\u00f2lof; Yassine Samb, en franc\u00e8s; el professor Ahmed Rkouni, en \u00e0rab, i David i Samara Acosta, en angl\u00e8s.<\/p>\n<p>D&#8217;altra banda, els alumnes del grup de teatre de l&#8217;institut tamb\u00e9 van recitar poemes d&#8217;autors locals com Llu\u00eds de Montsi\u00e0, Miquel Revert\u00e9 i Carme Cruelles i, a m\u00e9s, van poder llegir les \u00faltimes novetats po\u00e8tiques adquirides per la biblioteca del centre: <em>Besos de nadie<\/em> de Victoria Ash, <em>Olvido<\/em> de Leonor Ant\u00f3n, <em>Noctiluca<\/em> d&#8217;Anne Invierns, <em>Amor y asco<\/em> de sta. Bebi, <em>No te acabes nunca<\/em> de Maria Leach, <em>La set<\/em> de Paula Bonet, <em>El vent va comen\u00e7ar a bressolar l&#8217;herba<\/em> d&#8217;Emily Dickinson i <em>Tres dones<\/em> de Sylvia Plath.<\/p>\n","protected":false},"excerpt":{"rendered":"<p>Dilluns el t\u00e8cnic de cultura de l&#8217;ajuntament, Pau Lleix\u00e0, va poder enregistrar per a R\u00e0dio R\u00e0pita els alumnes de l&#8217;Aula d&#8217;Acollida recitant en les seues lleng\u00fces maternes la poesia del poeta Marc Granell, escrita i tradu\u00efda a trenta lleng\u00fces amb motiu de la iniciativa de la Instituci\u00f3 de les Lletres Catalanes de fer difusi\u00f3 d&#8217;aquest [&hellip;]<\/p>\n","protected":false},"author":7,"featured_media":1957,"comment_status":"open","ping_status":"closed","sticky":false,"template":"","format":"standard","meta":{"_bbp_topic_count":0,"_bbp_reply_count":0,"_bbp_total_topic_count":0,"_bbp_total_reply_count":0,"_bbp_voice_count":0,"_bbp_anonymous_reply_count":0,"_bbp_topic_count_hidden":0,"_bbp_reply_count_hidden":0,"_bbp_forum_subforum_count":0,"site-sidebar-layout":"default","site-content-layout":"","ast-site-content-layout":"","site-content-style":"default","site-sidebar-style":"default","ast-global-header-display":"","ast-banner-title-visibility":"","ast-main-header-display":"","ast-hfb-above-header-display":"","ast-hfb-below-header-display":"","ast-hfb-mobile-header-display":"","site-post-title":"","ast-breadcrumbs-content":"","ast-featured-img":"","footer-sml-layout":"","theme-transparent-header-meta":"","adv-header-id-meta":"","stick-header-meta":"","header-above-stick-meta":"","header-main-stick-meta":"","header-below-stick-meta":"","astra-migrate-meta-layouts":"default","ast-page-background-enabled":"default","ast-page-background-meta":{"desktop":{"background-color":"var(--ast-global-color-4)","background-image":"","background-repeat":"repeat","background-position":"center center","background-size":"auto","background-attachment":"scroll","background-type":"","background-media":"","overlay-type":"","overlay-color":"","overlay-opacity":"","overlay-gradient":""},"tablet":{"background-color":"","background-image":"","background-repeat":"repeat","background-position":"center center","background-size":"auto","background-attachment":"scroll","background-type":"","background-media":"","overlay-type":"","overlay-color":"","overlay-opacity":"","overlay-gradient":""},"mobile":{"background-color":"","background-image":"","background-repeat":"repeat","background-position":"center center","background-size":"auto","background-attachment":"scroll","background-type":"","background-media":"","overlay-type":"","overlay-color":"","overlay-opacity":"","overlay-gradient":""}},"ast-content-background-meta":{"desktop":{"background-color":"var(--ast-global-color-5)","background-image":"","background-repeat":"repeat","background-position":"center center","background-size":"auto","background-attachment":"scroll","background-type":"","background-media":"","overlay-type":"","overlay-color":"","overlay-opacity":"","overlay-gradient":""},"tablet":{"background-color":"var(--ast-global-color-5)","background-image":"","background-repeat":"repeat","background-position":"center center","background-size":"auto","background-attachment":"scroll","background-type":"","background-media":"","overlay-type":"","overlay-color":"","overlay-opacity":"","overlay-gradient":""},"mobile":{"background-color":"var(--ast-global-color-5)","background-image":"","background-repeat":"repeat","background-position":"center center","background-size":"auto","background-attachment":"scroll","background-type":"","background-media":"","overlay-type":"","overlay-color":"","overlay-opacity":"","overlay-gradient":""}},"footnotes":""},"categories":[1,29],"tags":[],"class_list":["post-1939","post","type-post","status-publish","format-standard","has-post-thumbnail","hentry","category-general","category-portada"],"post_mailing_queue_ids":[],"_links":{"self":[{"href":"https:\/\/agora.xtec.cat\/iesalfacs\/wp-json\/wp\/v2\/posts\/1939","targetHints":{"allow":["GET"]}}],"collection":[{"href":"https:\/\/agora.xtec.cat\/iesalfacs\/wp-json\/wp\/v2\/posts"}],"about":[{"href":"https:\/\/agora.xtec.cat\/iesalfacs\/wp-json\/wp\/v2\/types\/post"}],"author":[{"embeddable":true,"href":"https:\/\/agora.xtec.cat\/iesalfacs\/wp-json\/wp\/v2\/users\/7"}],"replies":[{"embeddable":true,"href":"https:\/\/agora.xtec.cat\/iesalfacs\/wp-json\/wp\/v2\/comments?post=1939"}],"version-history":[{"count":3,"href":"https:\/\/agora.xtec.cat\/iesalfacs\/wp-json\/wp\/v2\/posts\/1939\/revisions"}],"predecessor-version":[{"id":1947,"href":"https:\/\/agora.xtec.cat\/iesalfacs\/wp-json\/wp\/v2\/posts\/1939\/revisions\/1947"}],"wp:featuredmedia":[{"embeddable":true,"href":"https:\/\/agora.xtec.cat\/iesalfacs\/wp-json\/wp\/v2\/media\/1957"}],"wp:attachment":[{"href":"https:\/\/agora.xtec.cat\/iesalfacs\/wp-json\/wp\/v2\/media?parent=1939"}],"wp:term":[{"taxonomy":"category","embeddable":true,"href":"https:\/\/agora.xtec.cat\/iesalfacs\/wp-json\/wp\/v2\/categories?post=1939"},{"taxonomy":"post_tag","embeddable":true,"href":"https:\/\/agora.xtec.cat\/iesalfacs\/wp-json\/wp\/v2\/tags?post=1939"}],"curies":[{"name":"wp","href":"https:\/\/api.w.org\/{rel}","templated":true}]}}