{"id":1890,"date":"2018-03-08T14:00:59","date_gmt":"2018-03-08T13:00:59","guid":{"rendered":"http:\/\/agora.xtec.cat\/iesalfacs\/?p=1890"},"modified":"2018-03-08T14:01:09","modified_gmt":"2018-03-08T13:01:09","slug":"alba-abella-ambaixadora-de-la-uji-universitat-jaume-i","status":"publish","type":"post","link":"https:\/\/agora.xtec.cat\/iesalfacs\/general\/alba-abella-ambaixadora-de-la-uji-universitat-jaume-i\/","title":{"rendered":"ALBA ABELLA, AMBAIXADORA DE LA UJI (Universitat Jaume I)"},"content":{"rendered":"<p>Pep Donate (alumne de 2n de batxillerat B)<\/p>\n<p>El passat dimarts 27 de febrer, els alumnes de 2n de Batxillerat vam rebre la visita de l\u2019ex-alumna del centre Alba Abella.<\/p>\n<p>Alba Abella actualment \u00e9s estudiant de Publicitat i Relacions P\u00fabliques a la Jaume I i va aprofitar el seu passat a l\u2019institut i el seu paper com a &#8220;ambaixadora&#8221; de la UJI per donar-nos a con\u00e8ixer la universitat castellonenca.<\/p>\n<p>Aix\u00ed, de manera amena i interactiva, ens va intentar apropar el conjunt de serveis que conformen la UJI. Des dels diferents graus o les facultats, passant per les resid\u00e8ncies o les diferents instal\u00b7lacions esportives, tot dintre d\u2019un campus al m\u00e9s estil americ\u00e0 o els recursos d\u2019\u00faltima generaci\u00f3 que ofereix als seus estudiants, ja que cal remarcar que \u00e9s una universitat relativament nova.<\/p>\n<p>Alba ens va destacar la proximitat amb Castell\u00f3, aix\u00ed com els c\u00f2modes recursos de mobilitat dels quals disposa, la seva proximitat amb el nostre poble i la comparaci\u00f3 dels preus dels estudis i de la vida en la capital de la Plana en relaci\u00f3 amb els altres centres universitaris en grans ciutats; dos factors molts importants a l\u2019hora d\u2019elegir on estudiar.<\/p>\n","protected":false},"excerpt":{"rendered":"<p>Pep Donate (alumne de 2n de batxillerat B) El passat dimarts 27 de febrer, els alumnes de 2n de Batxillerat vam rebre la visita de l\u2019ex-alumna del centre Alba Abella. Alba Abella actualment \u00e9s estudiant de Publicitat i Relacions P\u00fabliques a la Jaume I i va aprofitar el seu passat a l\u2019institut i el seu [&hellip;]<\/p>\n","protected":false},"author":7,"featured_media":1891,"comment_status":"open","ping_status":"closed","sticky":false,"template":"","format":"standard","meta":{"_bbp_topic_count":0,"_bbp_reply_count":0,"_bbp_total_topic_count":0,"_bbp_total_reply_count":0,"_bbp_voice_count":0,"_bbp_anonymous_reply_count":0,"_bbp_topic_count_hidden":0,"_bbp_reply_count_hidden":0,"_bbp_forum_subforum_count":0,"site-sidebar-layout":"default","site-content-layout":"","ast-site-content-layout":"","site-content-style":"default","site-sidebar-style":"default","ast-global-header-display":"","ast-banner-title-visibility":"","ast-main-header-display":"","ast-hfb-above-header-display":"","ast-hfb-below-header-display":"","ast-hfb-mobile-header-display":"","site-post-title":"","ast-breadcrumbs-content":"","ast-featured-img":"","footer-sml-layout":"","theme-transparent-header-meta":"","adv-header-id-meta":"","stick-header-meta":"","header-above-stick-meta":"","header-main-stick-meta":"","header-below-stick-meta":"","astra-migrate-meta-layouts":"default","ast-page-background-enabled":"default","ast-page-background-meta":{"desktop":{"background-color":"var(--ast-global-color-4)","background-image":"","background-repeat":"repeat","background-position":"center center","background-size":"auto","background-attachment":"scroll","background-type":"","background-media":"","overlay-type":"","overlay-color":"","overlay-opacity":"","overlay-gradient":""},"tablet":{"background-color":"","background-image":"","background-repeat":"repeat","background-position":"center center","background-size":"auto","background-attachment":"scroll","background-type":"","background-media":"","overlay-type":"","overlay-color":"","overlay-opacity":"","overlay-gradient":""},"mobile":{"background-color":"","background-image":"","background-repeat":"repeat","background-position":"center center","background-size":"auto","background-attachment":"scroll","background-type":"","background-media":"","overlay-type":"","overlay-color":"","overlay-opacity":"","overlay-gradient":""}},"ast-content-background-meta":{"desktop":{"background-color":"var(--ast-global-color-5)","background-image":"","background-repeat":"repeat","background-position":"center center","background-size":"auto","background-attachment":"scroll","background-type":"","background-media":"","overlay-type":"","overlay-color":"","overlay-opacity":"","overlay-gradient":""},"tablet":{"background-color":"var(--ast-global-color-5)","background-image":"","background-repeat":"repeat","background-position":"center center","background-size":"auto","background-attachment":"scroll","background-type":"","background-media":"","overlay-type":"","overlay-color":"","overlay-opacity":"","overlay-gradient":""},"mobile":{"background-color":"var(--ast-global-color-5)","background-image":"","background-repeat":"repeat","background-position":"center center","background-size":"auto","background-attachment":"scroll","background-type":"","background-media":"","overlay-type":"","overlay-color":"","overlay-opacity":"","overlay-gradient":""}},"footnotes":""},"categories":[1,29],"tags":[],"class_list":["post-1890","post","type-post","status-publish","format-standard","has-post-thumbnail","hentry","category-general","category-portada"],"post_mailing_queue_ids":[],"_links":{"self":[{"href":"https:\/\/agora.xtec.cat\/iesalfacs\/wp-json\/wp\/v2\/posts\/1890","targetHints":{"allow":["GET"]}}],"collection":[{"href":"https:\/\/agora.xtec.cat\/iesalfacs\/wp-json\/wp\/v2\/posts"}],"about":[{"href":"https:\/\/agora.xtec.cat\/iesalfacs\/wp-json\/wp\/v2\/types\/post"}],"author":[{"embeddable":true,"href":"https:\/\/agora.xtec.cat\/iesalfacs\/wp-json\/wp\/v2\/users\/7"}],"replies":[{"embeddable":true,"href":"https:\/\/agora.xtec.cat\/iesalfacs\/wp-json\/wp\/v2\/comments?post=1890"}],"version-history":[{"count":2,"href":"https:\/\/agora.xtec.cat\/iesalfacs\/wp-json\/wp\/v2\/posts\/1890\/revisions"}],"predecessor-version":[{"id":1893,"href":"https:\/\/agora.xtec.cat\/iesalfacs\/wp-json\/wp\/v2\/posts\/1890\/revisions\/1893"}],"wp:featuredmedia":[{"embeddable":true,"href":"https:\/\/agora.xtec.cat\/iesalfacs\/wp-json\/wp\/v2\/media\/1891"}],"wp:attachment":[{"href":"https:\/\/agora.xtec.cat\/iesalfacs\/wp-json\/wp\/v2\/media?parent=1890"}],"wp:term":[{"taxonomy":"category","embeddable":true,"href":"https:\/\/agora.xtec.cat\/iesalfacs\/wp-json\/wp\/v2\/categories?post=1890"},{"taxonomy":"post_tag","embeddable":true,"href":"https:\/\/agora.xtec.cat\/iesalfacs\/wp-json\/wp\/v2\/tags?post=1890"}],"curies":[{"name":"wp","href":"https:\/\/api.w.org\/{rel}","templated":true}]}}