{"id":1758,"date":"2018-01-22T22:59:35","date_gmt":"2018-01-22T21:59:35","guid":{"rendered":"http:\/\/agora.xtec.cat\/iesalfacs\/?p=1758"},"modified":"2018-01-22T22:59:35","modified_gmt":"2018-01-22T21:59:35","slug":"nomes-il%c2%b7luminat-per-sa-ceguesa-de-miquel-reverte","status":"publish","type":"post","link":"https:\/\/agora.xtec.cat\/iesalfacs\/general\/nomes-il%c2%b7luminat-per-sa-ceguesa-de-miquel-reverte\/","title":{"rendered":"NOM\u00c9S IL\u00b7LUMINAT PER SA CEGUESA DE MIQUEL REVERT\u00c9"},"content":{"rendered":"<p>Diana Mihaela Popa<\/p>\n<p>Aquest primer trimestre els alumnes de 4t d\u2019ESO han pogut gaudir de l\u2019obra liter\u00e0ria <em>Nom\u00e9s il\u00b7luminat per sa ceguesa, <\/em>premi de narrativa Armand Quintana de la ciutat de Calldetenes de l\u2019any 2013. Aquesta novel\u00b7la \u00e9s de l\u2019escriptor i professor rapitenc Miquel Revert\u00e9 Aguilar.<\/p>\n<p>Amb el motiu de la lectura del seu llibre, es va organitzar una xarrada molt interessant per als alumnes de quart, en la qual es van tractar molts temes. L\u2019autor ens va revelar per qu\u00e8 gran part dels personatges principals del seus relats tenen alguna mena de discapacitat i \u00e9s per poder tenir m\u00e9s empatia i connectar millor amb ells. Hem pogut observar que l\u2019acci\u00f3 transcorre a Santa Maria d\u2019Atipar, que ja va sortir a la seva anterior novel\u00b7la <em>Cr\u00f2niques d\u2019una mar desapareguda, <\/em>que en realitat \u00e9s un pal\u00edndrom que fa refer\u00e8ncia a la R\u00e0pita. Si comparem els dos llibres podem veure que l\u2019anterior novel\u00b7la anava dedicada al m\u00f3n de la mar i aquest cop l\u2019escriptor ha volgut fer homenatge a la pagesia.<\/p>\n<p>El tema que m\u00e9s va interessar als estudiants fou sobre l\u2019escriptura d\u2019una obra liter\u00e0ria, i van fer moltes preguntes relacionades amb el proc\u00e9s creatiu que hi ha al darrere d\u2019aquest llibre. L\u2019autor reconeix que \u00e9s prou complex aix\u00f2 d\u2019escriure un llibre, per\u00f2 no s\u2019ha de tenir mai por d\u2019escriure i dels possibles bloquejos que ens esperen.<\/p>\n<p>Ha estat un plaer poder llegir un llibre d\u2019un escriptor rapitenc com a lectura obligat\u00f2ria aquest curs i esperem poder llegir m\u00e9s obres d\u2019en Miquel en un futur molt pr\u00f2xim.<\/p>\n","protected":false},"excerpt":{"rendered":"<p>Diana Mihaela Popa Aquest primer trimestre els alumnes de 4t d\u2019ESO han pogut gaudir de l\u2019obra liter\u00e0ria Nom\u00e9s il\u00b7luminat per sa ceguesa, premi de narrativa Armand Quintana de la ciutat de Calldetenes de l\u2019any 2013. Aquesta novel\u00b7la \u00e9s de l\u2019escriptor i professor rapitenc Miquel Revert\u00e9 Aguilar. Amb el motiu de la lectura del seu llibre, [&hellip;]<\/p>\n","protected":false},"author":7,"featured_media":1759,"comment_status":"open","ping_status":"closed","sticky":false,"template":"","format":"standard","meta":{"_bbp_topic_count":0,"_bbp_reply_count":0,"_bbp_total_topic_count":0,"_bbp_total_reply_count":0,"_bbp_voice_count":0,"_bbp_anonymous_reply_count":0,"_bbp_topic_count_hidden":0,"_bbp_reply_count_hidden":0,"_bbp_forum_subforum_count":0,"site-sidebar-layout":"default","site-content-layout":"","ast-site-content-layout":"","site-content-style":"default","site-sidebar-style":"default","ast-global-header-display":"","ast-banner-title-visibility":"","ast-main-header-display":"","ast-hfb-above-header-display":"","ast-hfb-below-header-display":"","ast-hfb-mobile-header-display":"","site-post-title":"","ast-breadcrumbs-content":"","ast-featured-img":"","footer-sml-layout":"","theme-transparent-header-meta":"","adv-header-id-meta":"","stick-header-meta":"","header-above-stick-meta":"","header-main-stick-meta":"","header-below-stick-meta":"","astra-migrate-meta-layouts":"default","ast-page-background-enabled":"default","ast-page-background-meta":{"desktop":{"background-color":"var(--ast-global-color-4)","background-image":"","background-repeat":"repeat","background-position":"center center","background-size":"auto","background-attachment":"scroll","background-type":"","background-media":"","overlay-type":"","overlay-color":"","overlay-opacity":"","overlay-gradient":""},"tablet":{"background-color":"","background-image":"","background-repeat":"repeat","background-position":"center center","background-size":"auto","background-attachment":"scroll","background-type":"","background-media":"","overlay-type":"","overlay-color":"","overlay-opacity":"","overlay-gradient":""},"mobile":{"background-color":"","background-image":"","background-repeat":"repeat","background-position":"center center","background-size":"auto","background-attachment":"scroll","background-type":"","background-media":"","overlay-type":"","overlay-color":"","overlay-opacity":"","overlay-gradient":""}},"ast-content-background-meta":{"desktop":{"background-color":"var(--ast-global-color-5)","background-image":"","background-repeat":"repeat","background-position":"center center","background-size":"auto","background-attachment":"scroll","background-type":"","background-media":"","overlay-type":"","overlay-color":"","overlay-opacity":"","overlay-gradient":""},"tablet":{"background-color":"var(--ast-global-color-5)","background-image":"","background-repeat":"repeat","background-position":"center center","background-size":"auto","background-attachment":"scroll","background-type":"","background-media":"","overlay-type":"","overlay-color":"","overlay-opacity":"","overlay-gradient":""},"mobile":{"background-color":"var(--ast-global-color-5)","background-image":"","background-repeat":"repeat","background-position":"center center","background-size":"auto","background-attachment":"scroll","background-type":"","background-media":"","overlay-type":"","overlay-color":"","overlay-opacity":"","overlay-gradient":""}},"footnotes":""},"categories":[1,29],"tags":[],"class_list":["post-1758","post","type-post","status-publish","format-standard","has-post-thumbnail","hentry","category-general","category-portada"],"post_mailing_queue_ids":[],"_links":{"self":[{"href":"https:\/\/agora.xtec.cat\/iesalfacs\/wp-json\/wp\/v2\/posts\/1758","targetHints":{"allow":["GET"]}}],"collection":[{"href":"https:\/\/agora.xtec.cat\/iesalfacs\/wp-json\/wp\/v2\/posts"}],"about":[{"href":"https:\/\/agora.xtec.cat\/iesalfacs\/wp-json\/wp\/v2\/types\/post"}],"author":[{"embeddable":true,"href":"https:\/\/agora.xtec.cat\/iesalfacs\/wp-json\/wp\/v2\/users\/7"}],"replies":[{"embeddable":true,"href":"https:\/\/agora.xtec.cat\/iesalfacs\/wp-json\/wp\/v2\/comments?post=1758"}],"version-history":[{"count":1,"href":"https:\/\/agora.xtec.cat\/iesalfacs\/wp-json\/wp\/v2\/posts\/1758\/revisions"}],"predecessor-version":[{"id":1760,"href":"https:\/\/agora.xtec.cat\/iesalfacs\/wp-json\/wp\/v2\/posts\/1758\/revisions\/1760"}],"wp:featuredmedia":[{"embeddable":true,"href":"https:\/\/agora.xtec.cat\/iesalfacs\/wp-json\/wp\/v2\/media\/1759"}],"wp:attachment":[{"href":"https:\/\/agora.xtec.cat\/iesalfacs\/wp-json\/wp\/v2\/media?parent=1758"}],"wp:term":[{"taxonomy":"category","embeddable":true,"href":"https:\/\/agora.xtec.cat\/iesalfacs\/wp-json\/wp\/v2\/categories?post=1758"},{"taxonomy":"post_tag","embeddable":true,"href":"https:\/\/agora.xtec.cat\/iesalfacs\/wp-json\/wp\/v2\/tags?post=1758"}],"curies":[{"name":"wp","href":"https:\/\/api.w.org\/{rel}","templated":true}]}}