{"id":1605,"date":"2017-11-26T20:09:28","date_gmt":"2017-11-26T19:09:28","guid":{"rendered":"http:\/\/agora.xtec.cat\/iesalfacs\/?p=1605"},"modified":"2017-11-26T20:14:06","modified_gmt":"2017-11-26T19:14:06","slug":"dia-internacional-contra-la-violencia-envers-les-dones","status":"publish","type":"post","link":"https:\/\/agora.xtec.cat\/iesalfacs\/general\/dia-internacional-contra-la-violencia-envers-les-dones\/","title":{"rendered":"DIA INTERNACIONAL CONTRA LA VIOL\u00c8NCIA ENVERS LES DONES"},"content":{"rendered":"<p>A finals del curs passat, la senyora Carme Valls (coordinadora territorial de l&#8217;Institut Catal\u00e0 de les Dones a les Terres de l&#8217;Ebre) ens va proposar de col\u00b7laborar en aquest acte institucional i, donat que el nostre centre t\u00e9 com a un dels eixos d\u2019actuaci\u00f3 el fet d\u2019aprofitar els recursos i activitats de les institucions i fer possible la participaci\u00f3 de l\u2019institut en activitats ciutadanes, no vam dubtar gens a participar.<\/p>\n<p>Aix\u00ed, dijous 23 de novembre el grup de teatre de 3r i 4t d&#8217;ESO sota la direcci\u00f3 art\u00edstica de Marcel Ros van poder representar l&#8217;obra <em>Vull que m&#8217;estimin<\/em> (text de Marga Juli\u00e0, directora de l&#8217;Escola Municipal del Teatre de Tortosa). Una obra que posa de relleu actes de micromasclisme directament relacionats amb el mal \u00fas de les xarxes socials en una colla d&#8217;amics adolescents.<\/p>\n<p>Pel que fa a l&#8217;acte del dijous, al mat\u00ed van assistir al Maset\u00a0 Paco Brunet (director de l&#8217;institut Els Alfacs) la senyora Teresa Esmel (vice-presidenta del Consell comarcal del Montsi\u00e0) i la senyora Carme Valls (coordinadora territorial de l\u2019Institut Catal\u00e0 de les Dones a les Terres de l\u2019Ebre). A la tarda, a la representaci\u00f3 a l&#8217;auditori Sixto Mir, els alumnes van poder representar l&#8217;obra davant l&#8217;alcalde Josep Caparr\u00f3s, el senyor Carlos Sanch\u00eds (el regidor d\u2019Acci\u00f3 Social de la R\u00e0pita), la delegada a les terres de l&#8217;Ebre de Treball, Afers Socials i Fam\u00edlies, Francesc Mir\u00f3 (president del Consell Comarcal), altre cop davant el nostre director Paco Brunet i un p\u00fablic for\u00e7a nombr\u00f3s i molt entusiasmat amb aquest acte.<\/p>\n<p>Cliqueu <a href=\"https:\/\/drive.google.com\/open?id=0B4rawNUhv4iaNThkTHpPRkZEaWVVdUxZU0c2WnlrbVVHWmpn\">aqu\u00ed<\/a> per veure el v\u00eddeo resum.<\/p>\n<p>A continuaci\u00f3 reprodu\u00efm el discurs de Paco Brunet, director de l&#8217;institut Els Alfacs, per tal de poder fer visibles tots els col\u00b7laboradors d&#8217;aquest projecte:<\/p>\n<p><em>&#8220;Voldria agrair a la professora Carme Cruelles, una impulsora entusiasta d\u2019aquest projecte, i a Marcel Ros, un col\u00b7laborador infatigable i diligent del nostre centre, tot l\u2019esfor\u00e7 i dedicaci\u00f3 per dur endavant aquest acte d\u2019avui. A m\u00e9s, tamb\u00e9 vull agrair la tasca rigorosa i tan pr\u00f2spera de projectes c\u00edvics de la professora de Cultura i valors \u00e8tics, Rosanna de la Vega. Cal destacar tamb\u00e9 l\u2019aportaci\u00f3 liter\u00e0ria del professor i escriptor Miquel Revert\u00e9 i de l\u2019autora Carme Cruelles.<\/em><\/p>\n<p><em>Tanmateix, avui els protagonistes vertaders i m\u00e9s preuats s\u00f3n els alumnes que us heu implicat desinteressadament en aquest projecte. Uns alumnes que heu treballat intensament per poder representar avui l\u2019obra de teatre Vull que m\u2019estimin, una pe\u00e7a teatral que, en certa manera, denuncia certs micromasclismes canalitzats a trav\u00e9s de les xarxes socials en un dia tan representatiu com el d\u2019avui. I per descomptat els arranjaments t\u00e8cnics per part de Carles Roset i Ferran Balagu\u00e9.<br \/>\n<\/em><\/p>\n<p><em>Els alumnes i les alumnes que han participat s\u00f3n els seg\u00fcents:<\/em><\/p>\n<p><em><strong>DE 3r d&#8217;ESO A:<\/strong> Enric Chust Gimeno, Marta Curto Roca, Ariadna Juan Elco.<\/em><\/p>\n<p><em><strong>DE 3r ESO B:<\/strong> Amal Betal\u00fa Chaibi, Mariona Curto Torta, Pau Gavald\u00e0 Rodr\u00edguez<\/em><\/p>\n<p><em><strong>DE 3r ESO C:<\/strong> Oriol \u00c1lvarez Puig, Alexandra Garcia Carb\u00f3, Marta Gavald\u00e0 Rodr\u00edguez, Carmen Rivas Cayuelas i J\u00falia Balagu\u00e9 Galo.<\/em><\/p>\n<p><em><strong>DE 3r ESO D:<\/strong> Alba L\u00f3pez Galo i Maria S\u00e1nchez Fuster.<\/em><\/p>\n<p><em><strong>De 4t ESO A:<\/strong> \u00c8ric Enrich Calbet, Pau Navarro Monlla\u00f3<\/em><\/p>\n<p><em><strong>De 4t ESO E:<\/strong> Albert Querol Monta\u00f1\u00e9s<\/em><\/p>\n<p><em>D\u2019altra banda tamb\u00e9 voldria agrair als alumnes de 2n d\u2019ESO i 3r d\u2019ESO que, des de la mat\u00e8ria de Cultura i valors \u00e8tics, han elaborat els v\u00eddeos que podrem veure al final de l\u2019acte:<\/em><\/p>\n<p><em><strong><br \/>\n<\/strong><\/em><\/p>\n<p><em><strong>V\u00eddeo 1 <\/strong><\/em><\/p>\n<p><em>Pau Donate<\/em><\/p>\n<p><em>Sara Masdeu<\/em><\/p>\n<p><em>Marc Moragrega<\/em><\/p>\n<p><em>Paula Serrat<\/em><\/p>\n<p><em>Miquel Vizcarro<\/em><\/p>\n<p><em><strong>V\u00eddeo 2<\/strong><\/em><\/p>\n<p><em>Alba Gaspar\u00edn<\/em><\/p>\n<p><em>Marta Gavald\u00e0<\/em><\/p>\n<p><em><strong>V\u00eddeo 3<\/strong><\/em><\/p>\n<p><em>Lucia Ruiz<\/em><\/p>\n<p><em>Estefania Pilar<\/em><\/p>\n<p><em>Mar Medina<\/em><\/p>\n<p><em>Javier Portillo<\/em><\/p>\n<p><em>David Roberto<\/em><\/p>\n<p><em><strong>V\u00eddeo 4<\/strong><\/em><\/p>\n<p><em>J\u00falia Capilla<\/em><\/p>\n<p><em>Sara Gavil\u00e1n<\/em><\/p>\n<p><em>Alba Revert\u00e9<\/em><\/p>\n<p><em>Tatiana Valentinyova<\/em><\/p>\n<p><em><strong>V\u00eddeo 5 <\/strong><\/em><\/p>\n<p><em>Sara Porres<\/em><\/p>\n<p><em><strong>V\u00eddeo 6 <\/strong><\/em><\/p>\n<p><em>Marc S\u00e1nchez<\/em><\/p>\n<p><em>Amar Tobi<\/em><\/p>\n<p><em>Ivan Moreno<\/em><\/p>\n<p><em>Dragos Dragomir<\/em><\/p>\n<p><em><strong>V\u00eddeo 7 <\/strong><\/em><\/p>\n<p><em>Sara Benjabour<\/em><\/p>\n<p><em>\u00c1mbar L\u00f3pez-Chicherri<\/em><\/p>\n<p><em>Abril Tena<\/em><\/p>\n<p><em>Laila Fern\u00e1ndez<\/em><\/p>\n<p><em>Enhorabona per la feina ben feta i per aconseguir tanta implicaci\u00f3 sobretot per part de l\u2019alumnat de l\u2019institut Els Alfacs. A m\u00e9s, tamb\u00e9 voldria destacar la col\u00b7laboraci\u00f3 de l\u2019AMPA en aquest projecte, tot proporcionant-nos una direcci\u00f3 art\u00edstica de qualitat a c\u00e0rrec de l\u2019actor Marcel Ros.&#8221;<\/em><\/p>\n","protected":false},"excerpt":{"rendered":"<p>A finals del curs passat, la senyora Carme Valls (coordinadora territorial de l&#8217;Institut Catal\u00e0 de les Dones a les Terres de l&#8217;Ebre) ens va proposar de col\u00b7laborar en aquest acte institucional i, donat que el nostre centre t\u00e9 com a un dels eixos d\u2019actuaci\u00f3 el fet d\u2019aprofitar els recursos i activitats de les institucions i [&hellip;]<\/p>\n","protected":false},"author":7,"featured_media":1606,"comment_status":"open","ping_status":"closed","sticky":false,"template":"","format":"standard","meta":{"_bbp_topic_count":0,"_bbp_reply_count":0,"_bbp_total_topic_count":0,"_bbp_total_reply_count":0,"_bbp_voice_count":0,"_bbp_anonymous_reply_count":0,"_bbp_topic_count_hidden":0,"_bbp_reply_count_hidden":0,"_bbp_forum_subforum_count":0,"site-sidebar-layout":"default","site-content-layout":"","ast-site-content-layout":"","site-content-style":"default","site-sidebar-style":"default","ast-global-header-display":"","ast-banner-title-visibility":"","ast-main-header-display":"","ast-hfb-above-header-display":"","ast-hfb-below-header-display":"","ast-hfb-mobile-header-display":"","site-post-title":"","ast-breadcrumbs-content":"","ast-featured-img":"","footer-sml-layout":"","theme-transparent-header-meta":"","adv-header-id-meta":"","stick-header-meta":"","header-above-stick-meta":"","header-main-stick-meta":"","header-below-stick-meta":"","astra-migrate-meta-layouts":"default","ast-page-background-enabled":"default","ast-page-background-meta":{"desktop":{"background-color":"var(--ast-global-color-4)","background-image":"","background-repeat":"repeat","background-position":"center center","background-size":"auto","background-attachment":"scroll","background-type":"","background-media":"","overlay-type":"","overlay-color":"","overlay-opacity":"","overlay-gradient":""},"tablet":{"background-color":"","background-image":"","background-repeat":"repeat","background-position":"center center","background-size":"auto","background-attachment":"scroll","background-type":"","background-media":"","overlay-type":"","overlay-color":"","overlay-opacity":"","overlay-gradient":""},"mobile":{"background-color":"","background-image":"","background-repeat":"repeat","background-position":"center center","background-size":"auto","background-attachment":"scroll","background-type":"","background-media":"","overlay-type":"","overlay-color":"","overlay-opacity":"","overlay-gradient":""}},"ast-content-background-meta":{"desktop":{"background-color":"var(--ast-global-color-5)","background-image":"","background-repeat":"repeat","background-position":"center center","background-size":"auto","background-attachment":"scroll","background-type":"","background-media":"","overlay-type":"","overlay-color":"","overlay-opacity":"","overlay-gradient":""},"tablet":{"background-color":"var(--ast-global-color-5)","background-image":"","background-repeat":"repeat","background-position":"center center","background-size":"auto","background-attachment":"scroll","background-type":"","background-media":"","overlay-type":"","overlay-color":"","overlay-opacity":"","overlay-gradient":""},"mobile":{"background-color":"var(--ast-global-color-5)","background-image":"","background-repeat":"repeat","background-position":"center center","background-size":"auto","background-attachment":"scroll","background-type":"","background-media":"","overlay-type":"","overlay-color":"","overlay-opacity":"","overlay-gradient":""}},"footnotes":""},"categories":[1,29],"tags":[],"class_list":["post-1605","post","type-post","status-publish","format-standard","has-post-thumbnail","hentry","category-general","category-portada"],"post_mailing_queue_ids":[],"_links":{"self":[{"href":"https:\/\/agora.xtec.cat\/iesalfacs\/wp-json\/wp\/v2\/posts\/1605","targetHints":{"allow":["GET"]}}],"collection":[{"href":"https:\/\/agora.xtec.cat\/iesalfacs\/wp-json\/wp\/v2\/posts"}],"about":[{"href":"https:\/\/agora.xtec.cat\/iesalfacs\/wp-json\/wp\/v2\/types\/post"}],"author":[{"embeddable":true,"href":"https:\/\/agora.xtec.cat\/iesalfacs\/wp-json\/wp\/v2\/users\/7"}],"replies":[{"embeddable":true,"href":"https:\/\/agora.xtec.cat\/iesalfacs\/wp-json\/wp\/v2\/comments?post=1605"}],"version-history":[{"count":2,"href":"https:\/\/agora.xtec.cat\/iesalfacs\/wp-json\/wp\/v2\/posts\/1605\/revisions"}],"predecessor-version":[{"id":1608,"href":"https:\/\/agora.xtec.cat\/iesalfacs\/wp-json\/wp\/v2\/posts\/1605\/revisions\/1608"}],"wp:featuredmedia":[{"embeddable":true,"href":"https:\/\/agora.xtec.cat\/iesalfacs\/wp-json\/wp\/v2\/media\/1606"}],"wp:attachment":[{"href":"https:\/\/agora.xtec.cat\/iesalfacs\/wp-json\/wp\/v2\/media?parent=1605"}],"wp:term":[{"taxonomy":"category","embeddable":true,"href":"https:\/\/agora.xtec.cat\/iesalfacs\/wp-json\/wp\/v2\/categories?post=1605"},{"taxonomy":"post_tag","embeddable":true,"href":"https:\/\/agora.xtec.cat\/iesalfacs\/wp-json\/wp\/v2\/tags?post=1605"}],"curies":[{"name":"wp","href":"https:\/\/api.w.org\/{rel}","templated":true}]}}