{"id":1561,"date":"2017-11-15T22:57:26","date_gmt":"2017-11-15T21:57:26","guid":{"rendered":"http:\/\/agora.xtec.cat\/iesalfacs\/?p=1561"},"modified":"2017-11-15T22:59:40","modified_gmt":"2017-11-15T21:59:40","slug":"projecte-de-reciclatge-i-reutilitzacio","status":"publish","type":"post","link":"https:\/\/agora.xtec.cat\/iesalfacs\/general\/projecte-de-reciclatge-i-reutilitzacio\/","title":{"rendered":"PROJECTE DE RECICLATGE I REUTILITZACI\u00d3"},"content":{"rendered":"<p>Rosanna de la Vega<\/p>\n<p>Cliqueu <a href=\"https:\/\/photos.app.goo.gl\/hMgEtKfCaaDidSf52\">aqu\u00ed<\/a> per veure totes les fotos.<\/p>\n<p>Del 18 al 26 de Novembre de 2017 se celebra la Setmana Europea de Prevenci\u00f3 de Residus. La import\u00e0ncia de gestionar b\u00e9 els residus que generem en la nostra societat i tamb\u00e9 en els nostres centres d\u2019ensenyament implica donar eines als alumnes perqu\u00e8 es conscienci\u00efn del greu problema que tenim.<\/p>\n<p>El reciclatge creatiu \u00e9s el fruit d\u2019un treball molt m\u00e9s complexe que implica una educaci\u00f3 i un treball a l\u2019aula per tal de garantir la formaci\u00f3 dels alumnes en la sostenibilitat i que d\u2019aquesta manera tinguin respecte pel medi ambient, per l\u2019entorn i, per tant, per a les persones.<\/p>\n<p>Des de l\u2019Institut hem participat fent un projecte amb materials reciclats i reutilitzats, per a realitzar l\u2019activitat els alumnes van haver de portar de casa objectes que ja no volien i, a partir de tot aquest material, construir-ne un de nou. Han aconseguit crear, de forma sorprenent, diferents objectes d\u2019utilitat. Ha estat una activitat que ha tingut molt d\u2019\u00e8xit en l\u2019alumnat, ja que els ha perm\u00e8s fomentar la creativitat i la imaginaci\u00f3 amb objectes que havien de tirar a les escombraries, a part de ser una exercici totalment interdisciplinari i cooperatiu.<\/p>\n<p>Felicitats!<\/p>\n","protected":false},"excerpt":{"rendered":"<p>Rosanna de la Vega Cliqueu aqu\u00ed per veure totes les fotos. Del 18 al 26 de Novembre de 2017 se celebra la Setmana Europea de Prevenci\u00f3 de Residus. La import\u00e0ncia de gestionar b\u00e9 els residus que generem en la nostra societat i tamb\u00e9 en els nostres centres d\u2019ensenyament implica donar eines als alumnes perqu\u00e8 es [&hellip;]<\/p>\n","protected":false},"author":7,"featured_media":1562,"comment_status":"open","ping_status":"closed","sticky":false,"template":"","format":"standard","meta":{"_bbp_topic_count":0,"_bbp_reply_count":0,"_bbp_total_topic_count":0,"_bbp_total_reply_count":0,"_bbp_voice_count":0,"_bbp_anonymous_reply_count":0,"_bbp_topic_count_hidden":0,"_bbp_reply_count_hidden":0,"_bbp_forum_subforum_count":0,"site-sidebar-layout":"default","site-content-layout":"","ast-site-content-layout":"","site-content-style":"default","site-sidebar-style":"default","ast-global-header-display":"","ast-banner-title-visibility":"","ast-main-header-display":"","ast-hfb-above-header-display":"","ast-hfb-below-header-display":"","ast-hfb-mobile-header-display":"","site-post-title":"","ast-breadcrumbs-content":"","ast-featured-img":"","footer-sml-layout":"","theme-transparent-header-meta":"","adv-header-id-meta":"","stick-header-meta":"","header-above-stick-meta":"","header-main-stick-meta":"","header-below-stick-meta":"","astra-migrate-meta-layouts":"default","ast-page-background-enabled":"default","ast-page-background-meta":{"desktop":{"background-color":"var(--ast-global-color-4)","background-image":"","background-repeat":"repeat","background-position":"center center","background-size":"auto","background-attachment":"scroll","background-type":"","background-media":"","overlay-type":"","overlay-color":"","overlay-opacity":"","overlay-gradient":""},"tablet":{"background-color":"","background-image":"","background-repeat":"repeat","background-position":"center center","background-size":"auto","background-attachment":"scroll","background-type":"","background-media":"","overlay-type":"","overlay-color":"","overlay-opacity":"","overlay-gradient":""},"mobile":{"background-color":"","background-image":"","background-repeat":"repeat","background-position":"center center","background-size":"auto","background-attachment":"scroll","background-type":"","background-media":"","overlay-type":"","overlay-color":"","overlay-opacity":"","overlay-gradient":""}},"ast-content-background-meta":{"desktop":{"background-color":"var(--ast-global-color-5)","background-image":"","background-repeat":"repeat","background-position":"center center","background-size":"auto","background-attachment":"scroll","background-type":"","background-media":"","overlay-type":"","overlay-color":"","overlay-opacity":"","overlay-gradient":""},"tablet":{"background-color":"var(--ast-global-color-5)","background-image":"","background-repeat":"repeat","background-position":"center center","background-size":"auto","background-attachment":"scroll","background-type":"","background-media":"","overlay-type":"","overlay-color":"","overlay-opacity":"","overlay-gradient":""},"mobile":{"background-color":"var(--ast-global-color-5)","background-image":"","background-repeat":"repeat","background-position":"center center","background-size":"auto","background-attachment":"scroll","background-type":"","background-media":"","overlay-type":"","overlay-color":"","overlay-opacity":"","overlay-gradient":""}},"footnotes":""},"categories":[1,29],"tags":[],"class_list":["post-1561","post","type-post","status-publish","format-standard","has-post-thumbnail","hentry","category-general","category-portada"],"post_mailing_queue_ids":[],"_links":{"self":[{"href":"https:\/\/agora.xtec.cat\/iesalfacs\/wp-json\/wp\/v2\/posts\/1561","targetHints":{"allow":["GET"]}}],"collection":[{"href":"https:\/\/agora.xtec.cat\/iesalfacs\/wp-json\/wp\/v2\/posts"}],"about":[{"href":"https:\/\/agora.xtec.cat\/iesalfacs\/wp-json\/wp\/v2\/types\/post"}],"author":[{"embeddable":true,"href":"https:\/\/agora.xtec.cat\/iesalfacs\/wp-json\/wp\/v2\/users\/7"}],"replies":[{"embeddable":true,"href":"https:\/\/agora.xtec.cat\/iesalfacs\/wp-json\/wp\/v2\/comments?post=1561"}],"version-history":[{"count":1,"href":"https:\/\/agora.xtec.cat\/iesalfacs\/wp-json\/wp\/v2\/posts\/1561\/revisions"}],"predecessor-version":[{"id":1563,"href":"https:\/\/agora.xtec.cat\/iesalfacs\/wp-json\/wp\/v2\/posts\/1561\/revisions\/1563"}],"wp:featuredmedia":[{"embeddable":true,"href":"https:\/\/agora.xtec.cat\/iesalfacs\/wp-json\/wp\/v2\/media\/1562"}],"wp:attachment":[{"href":"https:\/\/agora.xtec.cat\/iesalfacs\/wp-json\/wp\/v2\/media?parent=1561"}],"wp:term":[{"taxonomy":"category","embeddable":true,"href":"https:\/\/agora.xtec.cat\/iesalfacs\/wp-json\/wp\/v2\/categories?post=1561"},{"taxonomy":"post_tag","embeddable":true,"href":"https:\/\/agora.xtec.cat\/iesalfacs\/wp-json\/wp\/v2\/tags?post=1561"}],"curies":[{"name":"wp","href":"https:\/\/api.w.org\/{rel}","templated":true}]}}