{"id":1558,"date":"2017-11-15T22:42:33","date_gmt":"2017-11-15T21:42:33","guid":{"rendered":"http:\/\/agora.xtec.cat\/iesalfacs\/?p=1558"},"modified":"2017-11-15T22:42:33","modified_gmt":"2017-11-15T21:42:33","slug":"projecte-paret-vegetal","status":"publish","type":"post","link":"https:\/\/agora.xtec.cat\/iesalfacs\/general\/projecte-paret-vegetal\/","title":{"rendered":"PROJECTE PARET VEGETAL"},"content":{"rendered":"<p>Rosanna de la Vega i Alejandro Casta\u00f1eda<\/p>\n<p>Cliqueu <a href=\"https:\/\/photos.app.goo.gl\/QRlL6i0VF4ANnF0q1\">aqu\u00ed <\/a>per veure totes les fotos.<\/p>\n<p>C\u00e0lcul de per\u00edmetres, jardineres, plantes enfiladisses, boques d\u2019aigua\u2026Tot forma part d\u2019un nou projecte que s\u2019est\u00e0 engegant a l\u2019institut Els Alfacs i que els alumnes\u00a0 s\u00f3n els protagonistes. L\u2019activitat\u00a0 \u201cProjecte de centre d\u2019espais verds\u201d\u00a0 \u00e9s una proposta interdisciplin\u00e0ria per tal de poder treballar m\u00e9s espec\u00edficament les habilitats socials i compet\u00e8ncies b\u00e0siques a partir d\u2019unes eines m\u00e9s professionalitzadores, manipulatives i vivencials.<\/p>\n<p>Un dels objectius ser\u00e0 la\u00a0 construcci\u00f3 d\u2019una <strong>paret vegetal<\/strong> per la reixa del recinte, per a aix\u00f2 s\u2019han dissenyat una s\u00e8rie de jardineres per a poder plantar-hi unes plantes enfiladisses, t\u00edpiques del nostre clima, ja que, aix\u00ed, es podran enlairar per tota la reixa del centre. Els materials utilitzats s\u00f3n de reutilitzaci\u00f3 i que els alumnes repararan per a realitzar l\u2019exercici.<\/p>\n<p>El projecte est\u00e0 emmarcat dins del programa d\u2019Escoles Verdes que atorga el Departament de Territori i Sostenibilitat\u00a0 en qu\u00e8 l\u2019 Institut forma part. L\u2019activitat s\u2019ha iniciat enguany i la seua \u00a0finalitat es aconseguir que els joves vegin una utilitat a tot el que s\u2019explica a les aules i que se sentin realitzats amb el seu treball.<\/p>\n<p>Bona feina!<\/p>\n","protected":false},"excerpt":{"rendered":"<p>Rosanna de la Vega i Alejandro Casta\u00f1eda Cliqueu aqu\u00ed per veure totes les fotos. C\u00e0lcul de per\u00edmetres, jardineres, plantes enfiladisses, boques d\u2019aigua\u2026Tot forma part d\u2019un nou projecte que s\u2019est\u00e0 engegant a l\u2019institut Els Alfacs i que els alumnes\u00a0 s\u00f3n els protagonistes. L\u2019activitat\u00a0 \u201cProjecte de centre d\u2019espais verds\u201d\u00a0 \u00e9s una proposta interdisciplin\u00e0ria per tal de poder [&hellip;]<\/p>\n","protected":false},"author":7,"featured_media":1559,"comment_status":"open","ping_status":"closed","sticky":false,"template":"","format":"standard","meta":{"_bbp_topic_count":0,"_bbp_reply_count":0,"_bbp_total_topic_count":0,"_bbp_total_reply_count":0,"_bbp_voice_count":0,"_bbp_anonymous_reply_count":0,"_bbp_topic_count_hidden":0,"_bbp_reply_count_hidden":0,"_bbp_forum_subforum_count":0,"site-sidebar-layout":"default","site-content-layout":"","ast-site-content-layout":"","site-content-style":"default","site-sidebar-style":"default","ast-global-header-display":"","ast-banner-title-visibility":"","ast-main-header-display":"","ast-hfb-above-header-display":"","ast-hfb-below-header-display":"","ast-hfb-mobile-header-display":"","site-post-title":"","ast-breadcrumbs-content":"","ast-featured-img":"","footer-sml-layout":"","theme-transparent-header-meta":"","adv-header-id-meta":"","stick-header-meta":"","header-above-stick-meta":"","header-main-stick-meta":"","header-below-stick-meta":"","astra-migrate-meta-layouts":"default","ast-page-background-enabled":"default","ast-page-background-meta":{"desktop":{"background-color":"var(--ast-global-color-4)","background-image":"","background-repeat":"repeat","background-position":"center center","background-size":"auto","background-attachment":"scroll","background-type":"","background-media":"","overlay-type":"","overlay-color":"","overlay-opacity":"","overlay-gradient":""},"tablet":{"background-color":"","background-image":"","background-repeat":"repeat","background-position":"center center","background-size":"auto","background-attachment":"scroll","background-type":"","background-media":"","overlay-type":"","overlay-color":"","overlay-opacity":"","overlay-gradient":""},"mobile":{"background-color":"","background-image":"","background-repeat":"repeat","background-position":"center center","background-size":"auto","background-attachment":"scroll","background-type":"","background-media":"","overlay-type":"","overlay-color":"","overlay-opacity":"","overlay-gradient":""}},"ast-content-background-meta":{"desktop":{"background-color":"var(--ast-global-color-5)","background-image":"","background-repeat":"repeat","background-position":"center center","background-size":"auto","background-attachment":"scroll","background-type":"","background-media":"","overlay-type":"","overlay-color":"","overlay-opacity":"","overlay-gradient":""},"tablet":{"background-color":"var(--ast-global-color-5)","background-image":"","background-repeat":"repeat","background-position":"center center","background-size":"auto","background-attachment":"scroll","background-type":"","background-media":"","overlay-type":"","overlay-color":"","overlay-opacity":"","overlay-gradient":""},"mobile":{"background-color":"var(--ast-global-color-5)","background-image":"","background-repeat":"repeat","background-position":"center center","background-size":"auto","background-attachment":"scroll","background-type":"","background-media":"","overlay-type":"","overlay-color":"","overlay-opacity":"","overlay-gradient":""}},"footnotes":""},"categories":[1,29],"tags":[],"class_list":["post-1558","post","type-post","status-publish","format-standard","has-post-thumbnail","hentry","category-general","category-portada"],"post_mailing_queue_ids":[],"_links":{"self":[{"href":"https:\/\/agora.xtec.cat\/iesalfacs\/wp-json\/wp\/v2\/posts\/1558","targetHints":{"allow":["GET"]}}],"collection":[{"href":"https:\/\/agora.xtec.cat\/iesalfacs\/wp-json\/wp\/v2\/posts"}],"about":[{"href":"https:\/\/agora.xtec.cat\/iesalfacs\/wp-json\/wp\/v2\/types\/post"}],"author":[{"embeddable":true,"href":"https:\/\/agora.xtec.cat\/iesalfacs\/wp-json\/wp\/v2\/users\/7"}],"replies":[{"embeddable":true,"href":"https:\/\/agora.xtec.cat\/iesalfacs\/wp-json\/wp\/v2\/comments?post=1558"}],"version-history":[{"count":1,"href":"https:\/\/agora.xtec.cat\/iesalfacs\/wp-json\/wp\/v2\/posts\/1558\/revisions"}],"predecessor-version":[{"id":1560,"href":"https:\/\/agora.xtec.cat\/iesalfacs\/wp-json\/wp\/v2\/posts\/1558\/revisions\/1560"}],"wp:featuredmedia":[{"embeddable":true,"href":"https:\/\/agora.xtec.cat\/iesalfacs\/wp-json\/wp\/v2\/media\/1559"}],"wp:attachment":[{"href":"https:\/\/agora.xtec.cat\/iesalfacs\/wp-json\/wp\/v2\/media?parent=1558"}],"wp:term":[{"taxonomy":"category","embeddable":true,"href":"https:\/\/agora.xtec.cat\/iesalfacs\/wp-json\/wp\/v2\/categories?post=1558"},{"taxonomy":"post_tag","embeddable":true,"href":"https:\/\/agora.xtec.cat\/iesalfacs\/wp-json\/wp\/v2\/tags?post=1558"}],"curies":[{"name":"wp","href":"https:\/\/api.w.org\/{rel}","templated":true}]}}