{"id":9559,"date":"2026-09-04T14:17:00","date_gmt":"2026-09-04T12:17:00","guid":{"rendered":"https:\/\/agora.xtec.cat\/iesalella\/?p=9559"},"modified":"2026-09-04T14:18:59","modified_gmt":"2026-09-04T12:18:59","slug":"vacants-cicles-formatius-setembre26-cua-virtual","status":"publish","type":"post","link":"https:\/\/agora.xtec.cat\/iesalella\/portada\/vacants-cicles-formatius-setembre26-cua-virtual\/","title":{"rendered":"Vacants Cicles Formatius setembre 26 (cua virtual)"},"content":{"rendered":"<div>\n<h5 id=\"m_4807289154614654749gmail-h23\">Qu\u00e8 han de fer els alumnes<\/h5>\n<ol>\n<li>L&#8217;alumne que estigui interessat en alguna de les places vacants del centre haur\u00e0 d\u2019accedir al web del centre i seleccionar l\u2019enlla\u00e7 per a l\u2019obtenci\u00f3 d\u2019un n\u00famero de torn.<\/li>\n<li>L&#8217;alumne, quan accedeixi a l\u2019enlla\u00e7, ha d\u2019informar d&#8217;una s\u00e8rie de dades personals (totes obligat\u00f2ries, excepte el segon cognom). No es comprovar\u00e0 que l&#8217;alumne hagi fet una alta pr\u00e8via.<\/li>\n<li>El sistema li assigna un n\u00famero de torn que nom\u00e9s ser\u00e0 visible per al centre i l&#8217;alumne visualitza un missatge informatiu per pantalla (parametritzat pel centre).<\/li>\n<\/ol>\n<\/div>\n<div><\/div>\n<p><a href=\"https:\/\/aplicacions.gestioeducativa.gencat.cat\/ords\/pls\/apex\/f?p=20160079072543618:650:::NO:650:P650_CENTRE:950279C726C63CE2C3D9D090FE5C5941DBC748CAD6F921BB\">Enlla\u00e7 cua virtual<\/a><\/p>\n<p>&nbsp;<\/p>\n","protected":false},"excerpt":{"rendered":"<p>Qu\u00e8 han de fer els alumnes<\/p>\n<ol>\n<li>L&#8217;alumne que estigui interessat en alguna de les places vacants del centre haur\u00e0 d\u2019accedir al web del centre i seleccionar l\u2019enlla\u00e7 per a l\u2019obtenci\u00f3 d\u2019un n\u00famero de torn.<\/li>\n<li>L&#8217;alumne, quan accedeixi a l\u2019enlla\u00e7, ha d\u2019informar d&#8217;una s\u00e8rie de dades personals (totes&hellip;  <a href=\"https:\/\/agora.xtec.cat\/iesalella\/portada\/vacants-cicles-formatius-setembre26-cua-virtual\/\" title=\"Read Vacants Cicles Formatius setembre 26 (cua virtual)\">Llegeix m\u00e9s\u00bb<\/a><br \/>\n","protected":false},"author":1,"featured_media":0,"comment_status":"open","ping_status":"open","sticky":false,"template":"","format":"standard","meta":{"_bbp_topic_count":0,"_bbp_reply_count":0,"_bbp_total_topic_count":0,"_bbp_total_reply_count":0,"_bbp_voice_count":0,"_bbp_anonymous_reply_count":0,"_bbp_topic_count_hidden":0,"_bbp_reply_count_hidden":0,"_bbp_forum_subforum_count":0,"footnotes":""},"categories":[30,29,120],"tags":[],"class_list":["post-9559","post","type-post","status-publish","format-standard","hentry","category-cicles-formatius","category-portada","category-secretaria"],"post_mailing_queue_ids":[],"_links":{"self":[{"href":"https:\/\/agora.xtec.cat\/iesalella\/wp-json\/wp\/v2\/posts\/9559","targetHints":{"allow":["GET"]}}],"collection":[{"href":"https:\/\/agora.xtec.cat\/iesalella\/wp-json\/wp\/v2\/posts"}],"about":[{"href":"https:\/\/agora.xtec.cat\/iesalella\/wp-json\/wp\/v2\/types\/post"}],"author":[{"embeddable":true,"href":"https:\/\/agora.xtec.cat\/iesalella\/wp-json\/wp\/v2\/users\/1"}],"replies":[{"embeddable":true,"href":"https:\/\/agora.xtec.cat\/iesalella\/wp-json\/wp\/v2\/comments?post=9559"}],"version-history":[{"count":2,"href":"https:\/\/agora.xtec.cat\/iesalella\/wp-json\/wp\/v2\/posts\/9559\/revisions"}],"predecessor-version":[{"id":9561,"href":"https:\/\/agora.xtec.cat\/iesalella\/wp-json\/wp\/v2\/posts\/9559\/revisions\/9561"}],"wp:attachment":[{"href":"https:\/\/agora.xtec.cat\/iesalella\/wp-json\/wp\/v2\/media?parent=9559"}],"wp:term":[{"taxonomy":"category","embeddable":true,"href":"https:\/\/agora.xtec.cat\/iesalella\/wp-json\/wp\/v2\/categories?post=9559"},{"taxonomy":"post_tag","embeddable":true,"href":"https:\/\/agora.xtec.cat\/iesalella\/wp-json\/wp\/v2\/tags?post=9559"}],"curies":[{"name":"wp","href":"https:\/\/api.w.org\/{rel}","templated":true}]}}