{"id":9331,"date":"2026-03-10T09:41:43","date_gmt":"2026-03-10T08:41:43","guid":{"rendered":"https:\/\/agora.xtec.cat\/iesalella\/?p=9331"},"modified":"2026-03-10T09:41:43","modified_gmt":"2026-03-10T08:41:43","slug":"portes-obertes-de-lfp-de-lins-alella-vine-a-coneixer-els-cicles","status":"publish","type":"post","link":"https:\/\/agora.xtec.cat\/iesalella\/portada\/portes-obertes-de-lfp-de-lins-alella-vine-a-coneixer-els-cicles\/","title":{"rendered":"Portes obertes de l\u2019FP de l\u2019INS Alella: vine a con\u00e8ixer els cicles"},"content":{"rendered":"<p>L\u2019INS Alella organitza una jornada de portes obertes espec\u00edfica per donar a con\u00e8ixer l\u2019oferta de Formaci\u00f3 Professional del centre, adre\u00e7ada a l\u2019alumnat interessat i a les seves fam\u00edlies. La sessi\u00f3 tindr\u00e0 lloc el dissabte 11 d\u2019abril, a les 10.30 h, a les instal\u00b7lacions de l\u2019institut. Per participar-hi cal realitzar una inscripci\u00f3 pr\u00e8via mitjan\u00e7ant el formulari en l\u00ednia indicat <a href=\"https:\/\/docs.google.com\/forms\/d\/e\/1FAIpQLSd7wHgjnvkitHlGUfh9X1HVA6p3u7SfnVLDJCOfSzQPcjZEMw\/viewform?usp=preview\" target=\"_blank\" rel=\"noopener\">en aquest enlla\u00e7<\/a>.<\/p>\n<p>Durant la jornada es presentaran els dos cicles formatius de la fam\u00edlia de Comer\u00e7 i M\u00e0rqueting que s\u2019imparteixen a l\u2019INS Alella: el Cicle Formatiu de Grau Mitj\u00e0 d\u2019Activitats Comercials i el Cicle Formatiu de Grau Superior de M\u00e0rqueting i Publicitat. Les persones assistents podran con\u00e8ixer el projecte educatiu, el funcionament dels estudis, les sortides professionals i el perfil competencial que es treballa al llarg dels cicles.<\/p>\n<p>La visita inclour\u00e0 una xerrada informativa inicial i, tot seguit, un recorregut per les aules i els espais espec\u00edfics de la formaci\u00f3 professional, on es mostraran exemples d\u2019activitats i projectes que realitza l\u2019alumnat. L\u2019objectiu \u00e9s oferir una visi\u00f3 clara i propera de com es treballa a l\u2019FP de l\u2019INS Alella, aix\u00ed com resoldre dubtes sobre l\u2019acc\u00e9s, la continu\u00eftat d\u2019estudis i la inserci\u00f3 laboral.<\/p>\n","protected":false},"excerpt":{"rendered":"<p>L\u2019INS Alella organitza una jornada de portes obertes espec\u00edfica per donar a con\u00e8ixer l\u2019oferta de Formaci\u00f3 Professional del centre, adre\u00e7ada a l\u2019alumnat interessat i a les seves fam\u00edlies. La sessi\u00f3 tindr\u00e0 lloc el dissabte 11 d\u2019abril, a les 10.30 h, a les instal\u00b7lacions de l\u2019institut.&hellip;  <a href=\"https:\/\/agora.xtec.cat\/iesalella\/portada\/portes-obertes-de-lfp-de-lins-alella-vine-a-coneixer-els-cicles\/\" title=\"Read Portes obertes de l\u2019FP de l\u2019INS Alella: vine a con\u00e8ixer els cicles\">Llegeix m\u00e9s\u00bb<\/a><\/p>\n","protected":false},"author":1,"featured_media":0,"comment_status":"open","ping_status":"open","sticky":false,"template":"","format":"standard","meta":{"_bbp_topic_count":0,"_bbp_reply_count":0,"_bbp_total_topic_count":0,"_bbp_total_reply_count":0,"_bbp_voice_count":0,"_bbp_anonymous_reply_count":0,"_bbp_topic_count_hidden":0,"_bbp_reply_count_hidden":0,"_bbp_forum_subforum_count":0,"footnotes":""},"categories":[117,104,30,29],"tags":[],"class_list":["post-9331","post","type-post","status-publish","format-standard","hentry","category-cfgm-aco","category-cfgs-mip","category-cicles-formatius","category-portada"],"post_mailing_queue_ids":[],"_links":{"self":[{"href":"https:\/\/agora.xtec.cat\/iesalella\/wp-json\/wp\/v2\/posts\/9331","targetHints":{"allow":["GET"]}}],"collection":[{"href":"https:\/\/agora.xtec.cat\/iesalella\/wp-json\/wp\/v2\/posts"}],"about":[{"href":"https:\/\/agora.xtec.cat\/iesalella\/wp-json\/wp\/v2\/types\/post"}],"author":[{"embeddable":true,"href":"https:\/\/agora.xtec.cat\/iesalella\/wp-json\/wp\/v2\/users\/1"}],"replies":[{"embeddable":true,"href":"https:\/\/agora.xtec.cat\/iesalella\/wp-json\/wp\/v2\/comments?post=9331"}],"version-history":[{"count":1,"href":"https:\/\/agora.xtec.cat\/iesalella\/wp-json\/wp\/v2\/posts\/9331\/revisions"}],"predecessor-version":[{"id":9332,"href":"https:\/\/agora.xtec.cat\/iesalella\/wp-json\/wp\/v2\/posts\/9331\/revisions\/9332"}],"wp:attachment":[{"href":"https:\/\/agora.xtec.cat\/iesalella\/wp-json\/wp\/v2\/media?parent=9331"}],"wp:term":[{"taxonomy":"category","embeddable":true,"href":"https:\/\/agora.xtec.cat\/iesalella\/wp-json\/wp\/v2\/categories?post=9331"},{"taxonomy":"post_tag","embeddable":true,"href":"https:\/\/agora.xtec.cat\/iesalella\/wp-json\/wp\/v2\/tags?post=9331"}],"curies":[{"name":"wp","href":"https:\/\/api.w.org\/{rel}","templated":true}]}}