{"id":9216,"date":"2025-10-20T16:23:05","date_gmt":"2025-10-20T14:23:05","guid":{"rendered":"https:\/\/agora.xtec.cat\/iesalella\/?p=9216"},"modified":"2025-10-20T16:23:57","modified_gmt":"2025-10-20T14:23:57","slug":"volem-un-equip-femeni","status":"publish","type":"post","link":"https:\/\/agora.xtec.cat\/iesalella\/portada\/volem-un-equip-femeni\/","title":{"rendered":"Volem un equip femen\u00ed!"},"content":{"rendered":"<p>Estem buscant jugadores per formar l&#8217;equip femen\u00ed de l&#8217;Institut d&#8217;Alella per a la Copa Colegial 2026! Si t&#8217;agrada el b\u00e0squet, aquesta \u00e9s la teva oportunitat per formar part d&#8217;una competici\u00f3 apassionant, fer equip amb altres companyes i viure una gran experi\u00e8ncia esportiva a l&#8217;institut.<\/p>\n<p>Volem comptar amb el m\u00e0xim d&#8217;alumnes interessades, tant si tens experi\u00e8ncia com si vols provar-ho per primera vegada. Vine i suma&#8217;t!<\/p>\n<p>Per a m\u00e9s informaci\u00f3, pots passar pel departament de socials.<img loading=\"lazy\" decoding=\"async\" class=\"size-full wp-image-8958 alignleft\" src=\"https:\/\/agora.xtec.cat\/iesalella\/wp-content\/uploads\/usu119\/2025\/01\/logocopacolegial.png\" alt=\"\" width=\"225\" height=\"225\" srcset=\"https:\/\/agora.xtec.cat\/iesalella\/wp-content\/uploads\/usu119\/2025\/01\/logocopacolegial.png 225w, https:\/\/agora.xtec.cat\/iesalella\/wp-content\/uploads\/usu119\/2025\/01\/logocopacolegial-150x150.png 150w\" sizes=\"auto, (max-width: 225px) 100vw, 225px\" \/><\/p>\n","protected":false},"excerpt":{"rendered":"<p>Estem buscant jugadores per formar l&#8217;equip femen\u00ed de l&#8217;Institut d&#8217;Alella per a la Copa Colegial 2026! Si t&#8217;agrada el b\u00e0squet, aquesta \u00e9s la teva oportunitat per formar part d&#8217;una competici\u00f3 apassionant, fer equip amb altres companyes i viure una gran experi\u00e8ncia esportiva a l&#8217;institut.<br \/>\nVolem comptar&hellip;  <a href=\"https:\/\/agora.xtec.cat\/iesalella\/portada\/volem-un-equip-femeni\/\" title=\"Read Volem un equip femen\u00ed!\">Llegeix m\u00e9s\u00bb<\/a><\/p>\n","protected":false},"author":1,"featured_media":8958,"comment_status":"open","ping_status":"open","sticky":false,"template":"","format":"standard","meta":{"_bbp_topic_count":0,"_bbp_reply_count":0,"_bbp_total_topic_count":0,"_bbp_total_reply_count":0,"_bbp_voice_count":0,"_bbp_anonymous_reply_count":0,"_bbp_topic_count_hidden":0,"_bbp_reply_count_hidden":0,"_bbp_forum_subforum_count":0,"footnotes":""},"categories":[275,29],"tags":[],"class_list":["post-9216","post","type-post","status-publish","format-standard","has-post-thumbnail","hentry","category-copa-colegial","category-portada"],"post_mailing_queue_ids":[],"_links":{"self":[{"href":"https:\/\/agora.xtec.cat\/iesalella\/wp-json\/wp\/v2\/posts\/9216","targetHints":{"allow":["GET"]}}],"collection":[{"href":"https:\/\/agora.xtec.cat\/iesalella\/wp-json\/wp\/v2\/posts"}],"about":[{"href":"https:\/\/agora.xtec.cat\/iesalella\/wp-json\/wp\/v2\/types\/post"}],"author":[{"embeddable":true,"href":"https:\/\/agora.xtec.cat\/iesalella\/wp-json\/wp\/v2\/users\/1"}],"replies":[{"embeddable":true,"href":"https:\/\/agora.xtec.cat\/iesalella\/wp-json\/wp\/v2\/comments?post=9216"}],"version-history":[{"count":2,"href":"https:\/\/agora.xtec.cat\/iesalella\/wp-json\/wp\/v2\/posts\/9216\/revisions"}],"predecessor-version":[{"id":9218,"href":"https:\/\/agora.xtec.cat\/iesalella\/wp-json\/wp\/v2\/posts\/9216\/revisions\/9218"}],"wp:featuredmedia":[{"embeddable":true,"href":"https:\/\/agora.xtec.cat\/iesalella\/wp-json\/wp\/v2\/media\/8958"}],"wp:attachment":[{"href":"https:\/\/agora.xtec.cat\/iesalella\/wp-json\/wp\/v2\/media?parent=9216"}],"wp:term":[{"taxonomy":"category","embeddable":true,"href":"https:\/\/agora.xtec.cat\/iesalella\/wp-json\/wp\/v2\/categories?post=9216"},{"taxonomy":"post_tag","embeddable":true,"href":"https:\/\/agora.xtec.cat\/iesalella\/wp-json\/wp\/v2\/tags?post=9216"}],"curies":[{"name":"wp","href":"https:\/\/api.w.org\/{rel}","templated":true}]}}