{"id":9054,"date":"2025-03-14T00:10:49","date_gmt":"2025-03-13T23:10:49","guid":{"rendered":"https:\/\/agora.xtec.cat\/iesalella\/?p=9054"},"modified":"2025-04-02T11:02:17","modified_gmt":"2025-04-02T09:02:17","slug":"fes-la-sollicitud-de-preinscripcio-deso","status":"publish","type":"post","link":"https:\/\/agora.xtec.cat\/iesalella\/estudis\/eso\/fes-la-sollicitud-de-preinscripcio-deso\/","title":{"rendered":"Fes la sol\u00b7licitud de preinscripci\u00f3 d&#8217;ESO."},"content":{"rendered":"<p><a href=\"https:\/\/agora.xtec.cat\/iesalella\/pagines-dinici\/pagina-dinici-buida\/preinscripcio-2022-2023\/\" target=\"_blank\" rel=\"noopener\">ENLLA\u00c7<\/a><\/p>\n<div class=\"basic_text_peq col-xs-12\">\n<div class=\"pd-15x link-dotted\" data-crawling=\"principal-body\">\n<p>La\u00a0<strong>sol\u00b7licitud de preinscripci\u00f3 d&#8217;educaci\u00f3 secund\u00e0ria obligat\u00f2ria<\/strong>, l&#8217;has de presentar\u00a0<strong>del 14 al 26 de mar\u00e7 de 2025<\/strong>\u00a0i has d&#8217;adjuntar-hi la documentaci\u00f3 d&#8217;identificaci\u00f3 o de criteris que correspongui. La documentaci\u00f3 que no hagis pogut adjuntar durant el per\u00edode de presentaci\u00f3 de sol\u00b7licituds, la pots afegir <strong>fins al\u00a028\u00a0de\u00a0mar\u00e7 de 2025<\/strong>.<\/p>\n<p>Si no l&#8217;has pogut presentar en les dates indicades, pots fer el tr\u00e0mit a partir del 7 al 29 d&#8217;abril de 2025. En aquest cas seran <strong>sol\u00b7licituds fora de termini<\/strong> i s&#8217;assignaran posteriorment a les presentades en termini.<\/p>\n<p>Tota la informaci\u00f3 a:<a href=\"https:\/\/preinscripcio.gencat.cat\/ca\/estudis\/eso\/inici\/\" target=\"_blank\" rel=\"noopener\"> https:\/\/preinscripcio.gencat.cat\/ca\/estudis\/eso\/inici\/<\/a><\/p>\n<\/div>\n<\/div>\n<p>&nbsp;<\/p>\n<p>&nbsp;<\/p>\n","protected":false},"excerpt":{"rendered":"<p><a href=\"https:\/\/agora.xtec.cat\/iesalella\/pagines-dinici\/pagina-dinici-buida\/preinscripcio-2022-2023\/\" target=\"_blank\" rel=\"noopener\">ENLLA\u00c7<\/a><\/p>\n<p>La\u00a0sol\u00b7licitud de preinscripci\u00f3 d&#8217;educaci\u00f3 secund\u00e0ria obligat\u00f2ria, l&#8217;has de presentar\u00a0del 14 al 26 de mar\u00e7 de 2025\u00a0i has d&#8217;adjuntar-hi la documentaci\u00f3 d&#8217;identificaci\u00f3 o de criteris que correspongui. La documentaci\u00f3 que no hagis pogut adjuntar durant el per\u00edode de presentaci\u00f3 de sol\u00b7licituds, la pots&hellip;  <a href=\"https:\/\/agora.xtec.cat\/iesalella\/estudis\/eso\/fes-la-sollicitud-de-preinscripcio-deso\/\" title=\"Read Fes la sol\u00b7licitud de preinscripci\u00f3 d&#8217;ESO.\">Llegeix m\u00e9s\u00bb<\/a><\/p>\n","protected":false},"author":1,"featured_media":0,"comment_status":"closed","ping_status":"closed","sticky":false,"template":"","format":"standard","meta":{"_bbp_topic_count":0,"_bbp_reply_count":0,"_bbp_total_topic_count":0,"_bbp_total_reply_count":0,"_bbp_voice_count":0,"_bbp_anonymous_reply_count":0,"_bbp_topic_count_hidden":0,"_bbp_reply_count_hidden":0,"_bbp_forum_subforum_count":0,"footnotes":""},"categories":[3,118,29],"tags":[249],"class_list":["post-9054","post","type-post","status-publish","format-standard","hentry","category-eso","category-estudis","category-portada","tag-preinscripcio-24-25"],"post_mailing_queue_ids":[],"_links":{"self":[{"href":"https:\/\/agora.xtec.cat\/iesalella\/wp-json\/wp\/v2\/posts\/9054","targetHints":{"allow":["GET"]}}],"collection":[{"href":"https:\/\/agora.xtec.cat\/iesalella\/wp-json\/wp\/v2\/posts"}],"about":[{"href":"https:\/\/agora.xtec.cat\/iesalella\/wp-json\/wp\/v2\/types\/post"}],"author":[{"embeddable":true,"href":"https:\/\/agora.xtec.cat\/iesalella\/wp-json\/wp\/v2\/users\/1"}],"replies":[{"embeddable":true,"href":"https:\/\/agora.xtec.cat\/iesalella\/wp-json\/wp\/v2\/comments?post=9054"}],"version-history":[{"count":1,"href":"https:\/\/agora.xtec.cat\/iesalella\/wp-json\/wp\/v2\/posts\/9054\/revisions"}],"predecessor-version":[{"id":9055,"href":"https:\/\/agora.xtec.cat\/iesalella\/wp-json\/wp\/v2\/posts\/9054\/revisions\/9055"}],"wp:attachment":[{"href":"https:\/\/agora.xtec.cat\/iesalella\/wp-json\/wp\/v2\/media?parent=9054"}],"wp:term":[{"taxonomy":"category","embeddable":true,"href":"https:\/\/agora.xtec.cat\/iesalella\/wp-json\/wp\/v2\/categories?post=9054"},{"taxonomy":"post_tag","embeddable":true,"href":"https:\/\/agora.xtec.cat\/iesalella\/wp-json\/wp\/v2\/tags?post=9054"}],"curies":[{"name":"wp","href":"https:\/\/api.w.org\/{rel}","templated":true}]}}