{"id":9024,"date":"2025-02-08T12:20:59","date_gmt":"2025-02-08T11:20:59","guid":{"rendered":"https:\/\/agora.xtec.cat\/iesalella\/?p=9024"},"modified":"2025-02-08T12:23:36","modified_gmt":"2025-02-08T11:23:36","slug":"%f0%9f%8e%99%ef%b8%8f-tornen-els-podcasts-de-lins-alella","status":"publish","type":"post","link":"https:\/\/agora.xtec.cat\/iesalella\/portada\/%f0%9f%8e%99%ef%b8%8f-tornen-els-podcasts-de-lins-alella\/","title":{"rendered":"\ud83c\udf99\ufe0f Tornen els Podcasts de l&#8217;INS Alella!"},"content":{"rendered":"<p>Estem molt contents d&#8217;anunciar que <em>Els Podcasts de l&#8217;INS Alella<\/em> tornen amb m\u00e9s for\u00e7a que mai!<\/p>\n<p>Despr\u00e9s de l&#8217;\u00e8xit de la temporada anterior, l&#8217;alumnat torna a posar veu als temes que m\u00e9s ens interessen, amb noves seccions, entrevistes i continguts que no et voldr\u00e0s perdre.<\/p>\n<p>\ud83c\udfa7 <strong>On els pots escoltar?<\/strong><br \/>\nEls cap\u00edtols estaran disponibles a la nostra web:<a href=\"https:\/\/agora.xtec.cat\/iesalella\/podcast-ins-alella\/\" target=\"_blank\" rel=\"noopener\"> https:\/\/agora.xtec.cat\/iesalella\/podcast-ins-alella\/<\/a><\/p>\n<p>No t\u2019oblidis de seguir-nos per estar al dia de les novetats!<\/p>\n","protected":false},"excerpt":{"rendered":"<p>Estem molt contents d&#8217;anunciar que Els Podcasts de l&#8217;INS Alella tornen amb m\u00e9s for\u00e7a que mai!<br \/>\nDespr\u00e9s de l&#8217;\u00e8xit de la temporada anterior, l&#8217;alumnat torna a posar veu als temes que m\u00e9s ens interessen, amb noves seccions, entrevistes i continguts que no et voldr\u00e0s perdre.<br \/>\n\ud83c\udfa7 On&hellip;  <a href=\"https:\/\/agora.xtec.cat\/iesalella\/portada\/%f0%9f%8e%99%ef%b8%8f-tornen-els-podcasts-de-lins-alella\/\" title=\"Read \ud83c\udf99\ufe0f Tornen els Podcasts de l&#8217;INS Alella!\">Llegeix m\u00e9s\u00bb<\/a><\/p>\n","protected":false},"author":1,"featured_media":0,"comment_status":"closed","ping_status":"closed","sticky":false,"template":"","format":"standard","meta":{"_bbp_topic_count":0,"_bbp_reply_count":0,"_bbp_total_topic_count":0,"_bbp_total_reply_count":0,"_bbp_voice_count":0,"_bbp_anonymous_reply_count":0,"_bbp_topic_count_hidden":0,"_bbp_reply_count_hidden":0,"_bbp_forum_subforum_count":0,"footnotes":""},"categories":[116,198,29],"tags":[196],"class_list":["post-9024","post","type-post","status-publish","format-standard","hentry","category-activitats","category-podcast","category-portada","tag-podcast"],"post_mailing_queue_ids":[],"_links":{"self":[{"href":"https:\/\/agora.xtec.cat\/iesalella\/wp-json\/wp\/v2\/posts\/9024","targetHints":{"allow":["GET"]}}],"collection":[{"href":"https:\/\/agora.xtec.cat\/iesalella\/wp-json\/wp\/v2\/posts"}],"about":[{"href":"https:\/\/agora.xtec.cat\/iesalella\/wp-json\/wp\/v2\/types\/post"}],"author":[{"embeddable":true,"href":"https:\/\/agora.xtec.cat\/iesalella\/wp-json\/wp\/v2\/users\/1"}],"replies":[{"embeddable":true,"href":"https:\/\/agora.xtec.cat\/iesalella\/wp-json\/wp\/v2\/comments?post=9024"}],"version-history":[{"count":1,"href":"https:\/\/agora.xtec.cat\/iesalella\/wp-json\/wp\/v2\/posts\/9024\/revisions"}],"predecessor-version":[{"id":9025,"href":"https:\/\/agora.xtec.cat\/iesalella\/wp-json\/wp\/v2\/posts\/9024\/revisions\/9025"}],"wp:attachment":[{"href":"https:\/\/agora.xtec.cat\/iesalella\/wp-json\/wp\/v2\/media?parent=9024"}],"wp:term":[{"taxonomy":"category","embeddable":true,"href":"https:\/\/agora.xtec.cat\/iesalella\/wp-json\/wp\/v2\/categories?post=9024"},{"taxonomy":"post_tag","embeddable":true,"href":"https:\/\/agora.xtec.cat\/iesalella\/wp-json\/wp\/v2\/tags?post=9024"}],"curies":[{"name":"wp","href":"https:\/\/api.w.org\/{rel}","templated":true}]}}