{"id":9018,"date":"2025-02-08T12:09:07","date_gmt":"2025-02-08T11:09:07","guid":{"rendered":"https:\/\/agora.xtec.cat\/iesalella\/?p=9018"},"modified":"2025-04-25T12:43:44","modified_gmt":"2025-04-25T10:43:44","slug":"portes-obertes-de-batxillerat-i-fp-dual","status":"publish","type":"post","link":"https:\/\/agora.xtec.cat\/iesalella\/general\/portes-obertes-de-batxillerat-i-fp-dual\/","title":{"rendered":"Portes obertes de batxillerat i FP dual."},"content":{"rendered":"<p>El proper <strong>dissabte 22 de mar\u00e7,<\/strong> a les\u00a0<strong>10:30h<\/strong>, tindran lloc les\u00a0<strong>portes obertes de batxillerat i cicles formatius<\/strong>\u00a0de l\u2019Institut d\u2019Alella. Totes les fam\u00edlies interessades en con\u00e8ixer la nostra oferta educativa hauran de realitzar una\u00a0<strong>inscripci\u00f3 pr\u00e8via<\/strong> a trav\u00e9s d&#8217;aquest formulari: <a href=\"https:\/\/forms.gle\/B4Bse4YjVLjNbAnSA\" target=\"_blank\" rel=\"noopener\">DISPONIBLE AQU\u00cd<\/a><\/p>\n<p>Aquesta jornada \u00e9s una gran oportunitat per venir a con\u00e8ixer-nos!<\/p>\n<p><img loading=\"lazy\" decoding=\"async\" class=\"size-medium wp-image-9019 alignleft\" src=\"https:\/\/agora.xtec.cat\/iesalella\/wp-content\/uploads\/usu119\/2025\/02\/PORTES-OBERTES-240x300.png\" alt=\"\" width=\"240\" height=\"300\" srcset=\"https:\/\/agora.xtec.cat\/iesalella\/wp-content\/uploads\/usu119\/2025\/02\/PORTES-OBERTES-240x300.png 240w, https:\/\/agora.xtec.cat\/iesalella\/wp-content\/uploads\/usu119\/2025\/02\/PORTES-OBERTES-819x1024.png 819w, https:\/\/agora.xtec.cat\/iesalella\/wp-content\/uploads\/usu119\/2025\/02\/PORTES-OBERTES-768x960.png 768w, https:\/\/agora.xtec.cat\/iesalella\/wp-content\/uploads\/usu119\/2025\/02\/PORTES-OBERTES.png 1080w\" sizes=\"auto, (max-width: 240px) 100vw, 240px\" \/><\/p>\n","protected":false},"excerpt":{"rendered":"<p>El proper dissabte 22 de mar\u00e7, a les\u00a010:30h, tindran lloc les\u00a0portes obertes de batxillerat i cicles formatius\u00a0de l\u2019Institut d\u2019Alella. Totes les fam\u00edlies interessades en con\u00e8ixer la nostra oferta educativa hauran de realitzar una\u00a0inscripci\u00f3 pr\u00e8via a trav\u00e9s d&#8217;aquest formulari: <a href=\"https:\/\/forms.gle\/B4Bse4YjVLjNbAnSA\" target=\"_blank\" rel=\"noopener\">DISPONIBLE AQU\u00cd<\/a><br \/>\nAquesta jornada \u00e9s&hellip;  <a href=\"https:\/\/agora.xtec.cat\/iesalella\/general\/portes-obertes-de-batxillerat-i-fp-dual\/\" title=\"Read Portes obertes de batxillerat i FP dual.\">Llegeix m\u00e9s\u00bb<\/a><\/p>\n","protected":false},"author":1,"featured_media":9019,"comment_status":"closed","ping_status":"closed","sticky":false,"template":"","format":"standard","meta":{"_bbp_topic_count":0,"_bbp_reply_count":0,"_bbp_total_topic_count":0,"_bbp_total_reply_count":0,"_bbp_voice_count":0,"_bbp_anonymous_reply_count":0,"_bbp_topic_count_hidden":0,"_bbp_reply_count_hidden":0,"_bbp_forum_subforum_count":0,"footnotes":""},"categories":[8,30,1,29,241],"tags":[183,224,242],"class_list":["post-9018","post","type-post","status-publish","format-standard","has-post-thumbnail","hentry","category-batxillerat","category-cicles-formatius","category-general","category-portada","category-portes-obertes","tag-batxillerat","tag-fp","tag-portes-obertes"],"post_mailing_queue_ids":[],"_links":{"self":[{"href":"https:\/\/agora.xtec.cat\/iesalella\/wp-json\/wp\/v2\/posts\/9018","targetHints":{"allow":["GET"]}}],"collection":[{"href":"https:\/\/agora.xtec.cat\/iesalella\/wp-json\/wp\/v2\/posts"}],"about":[{"href":"https:\/\/agora.xtec.cat\/iesalella\/wp-json\/wp\/v2\/types\/post"}],"author":[{"embeddable":true,"href":"https:\/\/agora.xtec.cat\/iesalella\/wp-json\/wp\/v2\/users\/1"}],"replies":[{"embeddable":true,"href":"https:\/\/agora.xtec.cat\/iesalella\/wp-json\/wp\/v2\/comments?post=9018"}],"version-history":[{"count":2,"href":"https:\/\/agora.xtec.cat\/iesalella\/wp-json\/wp\/v2\/posts\/9018\/revisions"}],"predecessor-version":[{"id":9026,"href":"https:\/\/agora.xtec.cat\/iesalella\/wp-json\/wp\/v2\/posts\/9018\/revisions\/9026"}],"wp:featuredmedia":[{"embeddable":true,"href":"https:\/\/agora.xtec.cat\/iesalella\/wp-json\/wp\/v2\/media\/9019"}],"wp:attachment":[{"href":"https:\/\/agora.xtec.cat\/iesalella\/wp-json\/wp\/v2\/media?parent=9018"}],"wp:term":[{"taxonomy":"category","embeddable":true,"href":"https:\/\/agora.xtec.cat\/iesalella\/wp-json\/wp\/v2\/categories?post=9018"},{"taxonomy":"post_tag","embeddable":true,"href":"https:\/\/agora.xtec.cat\/iesalella\/wp-json\/wp\/v2\/tags?post=9018"}],"curies":[{"name":"wp","href":"https:\/\/api.w.org\/{rel}","templated":true}]}}