{"id":9015,"date":"2025-02-08T12:03:22","date_gmt":"2025-02-08T11:03:22","guid":{"rendered":"https:\/\/agora.xtec.cat\/iesalella\/?p=9015"},"modified":"2025-02-08T12:03:22","modified_gmt":"2025-02-08T11:03:22","slug":"taller-de-finances-personals-a-lins-alella","status":"publish","type":"post","link":"https:\/\/agora.xtec.cat\/iesalella\/portada\/taller-de-finances-personals-a-lins-alella\/","title":{"rendered":"Taller de finances personals a l\u2019INS Alella."},"content":{"rendered":"<p>Els alumnes de Formaci\u00f3 Professional de M\u00e0rqueting i Publicitat han tingut l\u2019oportunitat d\u2019aprendre de primera m\u00e0 sobre estalvi i inversi\u00f3 gr\u00e0cies a la visita d\u2019un professional del sector bancari.<\/p>\n<p>Taller: &#8220;Una inversi\u00f3 de futur: aprendre a diferenciar entre l\u2019estalvi, la inversi\u00f3 i les diferents alternatives&#8221;<\/p>\n<p>Aquest taller forma part del programa EFEC Adults, dins del Programa d\u2019Educaci\u00f3 Financera i Emprenedora de Catalunya, basat en la metodologia EFEP (European Financial Education Partnership), inspirada en un projecte Comenius (Long Life Learning) de la Comissi\u00f3 Europea i aplicat a Esc\u00f2cia com a model d\u2019educaci\u00f3 financera.<\/p>\n<p>Est\u00e0 supervisat pel Departament d\u2019Economia i Hisenda de la Generalitat de Catalunya i pel Comit\u00e8 Assessor del programa.<\/p>\n<p>Una gran experi\u00e8ncia per apropar els joves al m\u00f3n de les finances i donar-los eines per gestionar millor el seu futur econ\u00f2mic!<img loading=\"lazy\" decoding=\"async\" class=\"size-medium wp-image-9016 alignleft\" src=\"https:\/\/agora.xtec.cat\/iesalella\/wp-content\/uploads\/usu119\/2025\/02\/IMG_20250130_154314-300x225.jpg\" alt=\"\" width=\"300\" height=\"225\" srcset=\"https:\/\/agora.xtec.cat\/iesalella\/wp-content\/uploads\/usu119\/2025\/02\/IMG_20250130_154314-300x225.jpg 300w, https:\/\/agora.xtec.cat\/iesalella\/wp-content\/uploads\/usu119\/2025\/02\/IMG_20250130_154314-1024x766.jpg 1024w, https:\/\/agora.xtec.cat\/iesalella\/wp-content\/uploads\/usu119\/2025\/02\/IMG_20250130_154314-768x575.jpg 768w, https:\/\/agora.xtec.cat\/iesalella\/wp-content\/uploads\/usu119\/2025\/02\/IMG_20250130_154314-1536x1150.jpg 1536w, https:\/\/agora.xtec.cat\/iesalella\/wp-content\/uploads\/usu119\/2025\/02\/IMG_20250130_154314-200x150.jpg 200w, https:\/\/agora.xtec.cat\/iesalella\/wp-content\/uploads\/usu119\/2025\/02\/IMG_20250130_154314.jpg 1920w\" sizes=\"auto, (max-width: 300px) 100vw, 300px\" \/><\/p>\n","protected":false},"excerpt":{"rendered":"<p>Els alumnes de Formaci\u00f3 Professional de M\u00e0rqueting i Publicitat han tingut l\u2019oportunitat d\u2019aprendre de primera m\u00e0 sobre estalvi i inversi\u00f3 gr\u00e0cies a la visita d\u2019un professional del sector bancari.<br \/>\nTaller: &#8220;Una inversi\u00f3 de futur: aprendre a diferenciar entre l\u2019estalvi, la inversi\u00f3 i les diferents alternatives&#8221;<br \/>\nAquest taller&hellip;  <a href=\"https:\/\/agora.xtec.cat\/iesalella\/portada\/taller-de-finances-personals-a-lins-alella\/\" title=\"Read Taller de finances personals a l\u2019INS Alella.\">Llegeix m\u00e9s\u00bb<\/a><\/p>\n","protected":false},"author":1,"featured_media":9016,"comment_status":"closed","ping_status":"closed","sticky":false,"template":"","format":"standard","meta":{"_bbp_topic_count":0,"_bbp_reply_count":0,"_bbp_total_topic_count":0,"_bbp_total_reply_count":0,"_bbp_voice_count":0,"_bbp_anonymous_reply_count":0,"_bbp_topic_count_hidden":0,"_bbp_reply_count_hidden":0,"_bbp_forum_subforum_count":0,"footnotes":""},"categories":[117,29],"tags":[224,279],"class_list":["post-9015","post","type-post","status-publish","format-standard","has-post-thumbnail","hentry","category-cfgm-aco","category-portada","tag-fp","tag-marqueting-i-publicitat"],"post_mailing_queue_ids":[],"_links":{"self":[{"href":"https:\/\/agora.xtec.cat\/iesalella\/wp-json\/wp\/v2\/posts\/9015","targetHints":{"allow":["GET"]}}],"collection":[{"href":"https:\/\/agora.xtec.cat\/iesalella\/wp-json\/wp\/v2\/posts"}],"about":[{"href":"https:\/\/agora.xtec.cat\/iesalella\/wp-json\/wp\/v2\/types\/post"}],"author":[{"embeddable":true,"href":"https:\/\/agora.xtec.cat\/iesalella\/wp-json\/wp\/v2\/users\/1"}],"replies":[{"embeddable":true,"href":"https:\/\/agora.xtec.cat\/iesalella\/wp-json\/wp\/v2\/comments?post=9015"}],"version-history":[{"count":1,"href":"https:\/\/agora.xtec.cat\/iesalella\/wp-json\/wp\/v2\/posts\/9015\/revisions"}],"predecessor-version":[{"id":9017,"href":"https:\/\/agora.xtec.cat\/iesalella\/wp-json\/wp\/v2\/posts\/9015\/revisions\/9017"}],"wp:featuredmedia":[{"embeddable":true,"href":"https:\/\/agora.xtec.cat\/iesalella\/wp-json\/wp\/v2\/media\/9016"}],"wp:attachment":[{"href":"https:\/\/agora.xtec.cat\/iesalella\/wp-json\/wp\/v2\/media?parent=9015"}],"wp:term":[{"taxonomy":"category","embeddable":true,"href":"https:\/\/agora.xtec.cat\/iesalella\/wp-json\/wp\/v2\/categories?post=9015"},{"taxonomy":"post_tag","embeddable":true,"href":"https:\/\/agora.xtec.cat\/iesalella\/wp-json\/wp\/v2\/tags?post=9015"}],"curies":[{"name":"wp","href":"https:\/\/api.w.org\/{rel}","templated":true}]}}