{"id":8994,"date":"2025-01-31T08:22:02","date_gmt":"2025-01-31T07:22:02","guid":{"rendered":"https:\/\/agora.xtec.cat\/iesalella\/?p=8994"},"modified":"2025-01-31T08:26:07","modified_gmt":"2025-01-31T07:26:07","slug":"participacio-a-la-lliga-de-debat-de-la-upf","status":"publish","type":"post","link":"https:\/\/agora.xtec.cat\/iesalella\/estudis\/batxillerat\/participacio-a-la-lliga-de-debat-de-la-upf\/","title":{"rendered":"Participaci\u00f3 a la lliga de debat de la UPF."},"content":{"rendered":"<p>Un equip de l&#8217;institut va prendre part a la lliga de debat de la xarxa Universit\u00e0ria Vives participant a la fase local de la Universitat Pompeu Fabra. La competici\u00f3 va ser molt exigent per\u00f2 l&#8217;alumnat va mostrat esfor\u00e7, esperit de superaci\u00f3 i resili\u00e8ncia aconseguint la vict\u00f2ria en el darrer el debat. L&#8217;enhorabona!<\/p>\n<p><img loading=\"lazy\" decoding=\"async\" class=\"size-medium wp-image-8996 alignleft\" src=\"https:\/\/agora.xtec.cat\/iesalella\/wp-content\/uploads\/usu119\/2025\/01\/IMG_1993-225x300.jpeg\" alt=\"\" width=\"225\" height=\"300\" srcset=\"https:\/\/agora.xtec.cat\/iesalella\/wp-content\/uploads\/usu119\/2025\/01\/IMG_1993-225x300.jpeg 225w, https:\/\/agora.xtec.cat\/iesalella\/wp-content\/uploads\/usu119\/2025\/01\/IMG_1993-768x1024.jpeg 768w, https:\/\/agora.xtec.cat\/iesalella\/wp-content\/uploads\/usu119\/2025\/01\/IMG_1993-1152x1536.jpeg 1152w, https:\/\/agora.xtec.cat\/iesalella\/wp-content\/uploads\/usu119\/2025\/01\/IMG_1993-1536x2048.jpeg 1536w, https:\/\/agora.xtec.cat\/iesalella\/wp-content\/uploads\/usu119\/2025\/01\/IMG_1993-scaled.jpeg 1920w\" sizes=\"auto, (max-width: 225px) 100vw, 225px\" \/> <img loading=\"lazy\" decoding=\"async\" class=\"size-medium wp-image-8997 alignleft\" src=\"https:\/\/agora.xtec.cat\/iesalella\/wp-content\/uploads\/usu119\/2025\/01\/IMG_2005-225x300.jpeg\" alt=\"\" width=\"225\" height=\"300\" srcset=\"https:\/\/agora.xtec.cat\/iesalella\/wp-content\/uploads\/usu119\/2025\/01\/IMG_2005-225x300.jpeg 225w, https:\/\/agora.xtec.cat\/iesalella\/wp-content\/uploads\/usu119\/2025\/01\/IMG_2005-768x1024.jpeg 768w, https:\/\/agora.xtec.cat\/iesalella\/wp-content\/uploads\/usu119\/2025\/01\/IMG_2005-1152x1536.jpeg 1152w, https:\/\/agora.xtec.cat\/iesalella\/wp-content\/uploads\/usu119\/2025\/01\/IMG_2005-1536x2048.jpeg 1536w, https:\/\/agora.xtec.cat\/iesalella\/wp-content\/uploads\/usu119\/2025\/01\/IMG_2005-scaled.jpeg 1920w\" sizes=\"auto, (max-width: 225px) 100vw, 225px\" \/> <img loading=\"lazy\" decoding=\"async\" class=\"size-medium wp-image-8998 alignleft\" src=\"https:\/\/agora.xtec.cat\/iesalella\/wp-content\/uploads\/usu119\/2025\/01\/IMG_1995-225x300.jpeg\" alt=\"\" width=\"225\" height=\"300\" srcset=\"https:\/\/agora.xtec.cat\/iesalella\/wp-content\/uploads\/usu119\/2025\/01\/IMG_1995-225x300.jpeg 225w, https:\/\/agora.xtec.cat\/iesalella\/wp-content\/uploads\/usu119\/2025\/01\/IMG_1995-768x1024.jpeg 768w, https:\/\/agora.xtec.cat\/iesalella\/wp-content\/uploads\/usu119\/2025\/01\/IMG_1995-1152x1536.jpeg 1152w, https:\/\/agora.xtec.cat\/iesalella\/wp-content\/uploads\/usu119\/2025\/01\/IMG_1995-1536x2048.jpeg 1536w, https:\/\/agora.xtec.cat\/iesalella\/wp-content\/uploads\/usu119\/2025\/01\/IMG_1995-scaled.jpeg 1920w\" sizes=\"auto, (max-width: 225px) 100vw, 225px\" \/> <img loading=\"lazy\" decoding=\"async\" class=\"size-medium wp-image-8999 alignleft\" src=\"https:\/\/agora.xtec.cat\/iesalella\/wp-content\/uploads\/usu119\/2025\/01\/IMG_2003-225x300.jpeg\" alt=\"\" width=\"225\" height=\"300\" srcset=\"https:\/\/agora.xtec.cat\/iesalella\/wp-content\/uploads\/usu119\/2025\/01\/IMG_2003-225x300.jpeg 225w, https:\/\/agora.xtec.cat\/iesalella\/wp-content\/uploads\/usu119\/2025\/01\/IMG_2003-768x1024.jpeg 768w, https:\/\/agora.xtec.cat\/iesalella\/wp-content\/uploads\/usu119\/2025\/01\/IMG_2003-1152x1536.jpeg 1152w, https:\/\/agora.xtec.cat\/iesalella\/wp-content\/uploads\/usu119\/2025\/01\/IMG_2003-1536x2048.jpeg 1536w, https:\/\/agora.xtec.cat\/iesalella\/wp-content\/uploads\/usu119\/2025\/01\/IMG_2003-scaled.jpeg 1920w\" sizes=\"auto, (max-width: 225px) 100vw, 225px\" \/> <img loading=\"lazy\" decoding=\"async\" class=\"size-medium wp-image-9000 alignleft\" src=\"https:\/\/agora.xtec.cat\/iesalella\/wp-content\/uploads\/usu119\/2025\/01\/IMG_2008-225x300.jpeg\" alt=\"\" width=\"225\" height=\"300\" srcset=\"https:\/\/agora.xtec.cat\/iesalella\/wp-content\/uploads\/usu119\/2025\/01\/IMG_2008-225x300.jpeg 225w, https:\/\/agora.xtec.cat\/iesalella\/wp-content\/uploads\/usu119\/2025\/01\/IMG_2008-768x1024.jpeg 768w, https:\/\/agora.xtec.cat\/iesalella\/wp-content\/uploads\/usu119\/2025\/01\/IMG_2008-1152x1536.jpeg 1152w, https:\/\/agora.xtec.cat\/iesalella\/wp-content\/uploads\/usu119\/2025\/01\/IMG_2008-1536x2048.jpeg 1536w, https:\/\/agora.xtec.cat\/iesalella\/wp-content\/uploads\/usu119\/2025\/01\/IMG_2008-scaled.jpeg 1920w\" sizes=\"auto, (max-width: 225px) 100vw, 225px\" \/><\/p>\n","protected":false},"excerpt":{"rendered":"<p>Un equip de l&#8217;institut va prendre part a la lliga de debat de la xarxa Universit\u00e0ria Vives participant a la fase local de la Universitat Pompeu Fabra. La competici\u00f3 va ser molt exigent per\u00f2 l&#8217;alumnat va mostrat esfor\u00e7, esperit de superaci\u00f3 i resili\u00e8ncia aconseguint la&hellip;  <a href=\"https:\/\/agora.xtec.cat\/iesalella\/estudis\/batxillerat\/participacio-a-la-lliga-de-debat-de-la-upf\/\" title=\"Read Participaci\u00f3 a la lliga de debat de la UPF.\">Llegeix m\u00e9s\u00bb<\/a><\/p>\n","protected":false},"author":1,"featured_media":9000,"comment_status":"closed","ping_status":"closed","sticky":false,"template":"","format":"standard","meta":{"_bbp_topic_count":0,"_bbp_reply_count":0,"_bbp_total_topic_count":0,"_bbp_total_reply_count":0,"_bbp_voice_count":0,"_bbp_anonymous_reply_count":0,"_bbp_topic_count_hidden":0,"_bbp_reply_count_hidden":0,"_bbp_forum_subforum_count":0,"footnotes":""},"categories":[116,8,29],"tags":[272],"class_list":["post-8994","post","type-post","status-publish","format-standard","has-post-thumbnail","hentry","category-activitats","category-batxillerat","category-portada","tag-lliga-de-debat"],"post_mailing_queue_ids":[],"_links":{"self":[{"href":"https:\/\/agora.xtec.cat\/iesalella\/wp-json\/wp\/v2\/posts\/8994","targetHints":{"allow":["GET"]}}],"collection":[{"href":"https:\/\/agora.xtec.cat\/iesalella\/wp-json\/wp\/v2\/posts"}],"about":[{"href":"https:\/\/agora.xtec.cat\/iesalella\/wp-json\/wp\/v2\/types\/post"}],"author":[{"embeddable":true,"href":"https:\/\/agora.xtec.cat\/iesalella\/wp-json\/wp\/v2\/users\/1"}],"replies":[{"embeddable":true,"href":"https:\/\/agora.xtec.cat\/iesalella\/wp-json\/wp\/v2\/comments?post=8994"}],"version-history":[{"count":1,"href":"https:\/\/agora.xtec.cat\/iesalella\/wp-json\/wp\/v2\/posts\/8994\/revisions"}],"predecessor-version":[{"id":9001,"href":"https:\/\/agora.xtec.cat\/iesalella\/wp-json\/wp\/v2\/posts\/8994\/revisions\/9001"}],"wp:featuredmedia":[{"embeddable":true,"href":"https:\/\/agora.xtec.cat\/iesalella\/wp-json\/wp\/v2\/media\/9000"}],"wp:attachment":[{"href":"https:\/\/agora.xtec.cat\/iesalella\/wp-json\/wp\/v2\/media?parent=8994"}],"wp:term":[{"taxonomy":"category","embeddable":true,"href":"https:\/\/agora.xtec.cat\/iesalella\/wp-json\/wp\/v2\/categories?post=8994"},{"taxonomy":"post_tag","embeddable":true,"href":"https:\/\/agora.xtec.cat\/iesalella\/wp-json\/wp\/v2\/tags?post=8994"}],"curies":[{"name":"wp","href":"https:\/\/api.w.org\/{rel}","templated":true}]}}