{"id":8960,"date":"2025-01-16T12:09:16","date_gmt":"2025-01-16T11:09:16","guid":{"rendered":"https:\/\/agora.xtec.cat\/iesalella\/?p=8960"},"modified":"2025-01-16T12:09:58","modified_gmt":"2025-01-16T11:09:58","slug":"viatge-a-grecia","status":"publish","type":"post","link":"https:\/\/agora.xtec.cat\/iesalella\/estudis\/batxillerat\/viatge-a-grecia\/","title":{"rendered":"Viatge a Gr\u00e8cia"},"content":{"rendered":"<p>Us compartim fotografies del viatge del nostre alumnat de cl\u00e0ssiques a Gr\u00e8cia.<img loading=\"lazy\" decoding=\"async\" class=\"size-medium wp-image-8964 aligncenter\" src=\"https:\/\/agora.xtec.cat\/iesalella\/wp-content\/uploads\/usu119\/2025\/01\/1736833080449-225x300.jpg\" alt=\"\" width=\"225\" height=\"300\" srcset=\"https:\/\/agora.xtec.cat\/iesalella\/wp-content\/uploads\/usu119\/2025\/01\/1736833080449-225x300.jpg 225w, https:\/\/agora.xtec.cat\/iesalella\/wp-content\/uploads\/usu119\/2025\/01\/1736833080449-768x1024.jpg 768w, https:\/\/agora.xtec.cat\/iesalella\/wp-content\/uploads\/usu119\/2025\/01\/1736833080449-1152x1536.jpg 1152w, https:\/\/agora.xtec.cat\/iesalella\/wp-content\/uploads\/usu119\/2025\/01\/1736833080449-1536x2048.jpg 1536w, https:\/\/agora.xtec.cat\/iesalella\/wp-content\/uploads\/usu119\/2025\/01\/1736833080449-scaled.jpg 1920w\" sizes=\"auto, (max-width: 225px) 100vw, 225px\" \/> <img loading=\"lazy\" decoding=\"async\" class=\"aligncenter size-medium wp-image-8963\" src=\"https:\/\/agora.xtec.cat\/iesalella\/wp-content\/uploads\/usu119\/2025\/01\/1736833080367-225x300.jpg\" alt=\"\" width=\"225\" height=\"300\" srcset=\"https:\/\/agora.xtec.cat\/iesalella\/wp-content\/uploads\/usu119\/2025\/01\/1736833080367-225x300.jpg 225w, https:\/\/agora.xtec.cat\/iesalella\/wp-content\/uploads\/usu119\/2025\/01\/1736833080367-768x1024.jpg 768w, https:\/\/agora.xtec.cat\/iesalella\/wp-content\/uploads\/usu119\/2025\/01\/1736833080367-1152x1536.jpg 1152w, https:\/\/agora.xtec.cat\/iesalella\/wp-content\/uploads\/usu119\/2025\/01\/1736833080367-1536x2048.jpg 1536w, https:\/\/agora.xtec.cat\/iesalella\/wp-content\/uploads\/usu119\/2025\/01\/1736833080367-scaled.jpg 1920w\" sizes=\"auto, (max-width: 225px) 100vw, 225px\" \/> <img loading=\"lazy\" decoding=\"async\" class=\"size-medium wp-image-8962 aligncenter\" src=\"https:\/\/agora.xtec.cat\/iesalella\/wp-content\/uploads\/usu119\/2025\/01\/1736786435225-300x176.jpg\" alt=\"\" width=\"300\" height=\"176\" srcset=\"https:\/\/agora.xtec.cat\/iesalella\/wp-content\/uploads\/usu119\/2025\/01\/1736786435225-300x176.jpg 300w, https:\/\/agora.xtec.cat\/iesalella\/wp-content\/uploads\/usu119\/2025\/01\/1736786435225-1024x601.jpg 1024w, https:\/\/agora.xtec.cat\/iesalella\/wp-content\/uploads\/usu119\/2025\/01\/1736786435225-768x451.jpg 768w, https:\/\/agora.xtec.cat\/iesalella\/wp-content\/uploads\/usu119\/2025\/01\/1736786435225-1536x901.jpg 1536w, https:\/\/agora.xtec.cat\/iesalella\/wp-content\/uploads\/usu119\/2025\/01\/1736786435225-2048x1202.jpg 2048w\" sizes=\"auto, (max-width: 300px) 100vw, 300px\" \/> <img loading=\"lazy\" decoding=\"async\" class=\"aligncenter size-medium wp-image-8961\" src=\"https:\/\/agora.xtec.cat\/iesalella\/wp-content\/uploads\/usu119\/2025\/01\/1736833080408-225x300.jpg\" alt=\"\" width=\"225\" height=\"300\" srcset=\"https:\/\/agora.xtec.cat\/iesalella\/wp-content\/uploads\/usu119\/2025\/01\/1736833080408-225x300.jpg 225w, https:\/\/agora.xtec.cat\/iesalella\/wp-content\/uploads\/usu119\/2025\/01\/1736833080408-768x1024.jpg 768w, https:\/\/agora.xtec.cat\/iesalella\/wp-content\/uploads\/usu119\/2025\/01\/1736833080408-1152x1536.jpg 1152w, https:\/\/agora.xtec.cat\/iesalella\/wp-content\/uploads\/usu119\/2025\/01\/1736833080408-1536x2048.jpg 1536w, https:\/\/agora.xtec.cat\/iesalella\/wp-content\/uploads\/usu119\/2025\/01\/1736833080408-scaled.jpg 1920w\" sizes=\"auto, (max-width: 225px) 100vw, 225px\" \/><\/p>\n","protected":false},"excerpt":{"rendered":"<p>Us compartim fotografies del viatge del nostre alumnat de cl\u00e0ssiques a Gr\u00e8cia.   <\/p>\n","protected":false},"author":1,"featured_media":8961,"comment_status":"closed","ping_status":"closed","sticky":false,"template":"","format":"standard","meta":{"_bbp_topic_count":0,"_bbp_reply_count":0,"_bbp_total_topic_count":0,"_bbp_total_reply_count":0,"_bbp_voice_count":0,"_bbp_anonymous_reply_count":0,"_bbp_topic_count_hidden":0,"_bbp_reply_count_hidden":0,"_bbp_forum_subforum_count":0,"footnotes":""},"categories":[8,29],"tags":[271,254],"class_list":["post-8960","post","type-post","status-publish","format-standard","has-post-thumbnail","hentry","category-batxillerat","category-portada","tag-grecia","tag-viatges"],"post_mailing_queue_ids":[],"_links":{"self":[{"href":"https:\/\/agora.xtec.cat\/iesalella\/wp-json\/wp\/v2\/posts\/8960","targetHints":{"allow":["GET"]}}],"collection":[{"href":"https:\/\/agora.xtec.cat\/iesalella\/wp-json\/wp\/v2\/posts"}],"about":[{"href":"https:\/\/agora.xtec.cat\/iesalella\/wp-json\/wp\/v2\/types\/post"}],"author":[{"embeddable":true,"href":"https:\/\/agora.xtec.cat\/iesalella\/wp-json\/wp\/v2\/users\/1"}],"replies":[{"embeddable":true,"href":"https:\/\/agora.xtec.cat\/iesalella\/wp-json\/wp\/v2\/comments?post=8960"}],"version-history":[{"count":2,"href":"https:\/\/agora.xtec.cat\/iesalella\/wp-json\/wp\/v2\/posts\/8960\/revisions"}],"predecessor-version":[{"id":8966,"href":"https:\/\/agora.xtec.cat\/iesalella\/wp-json\/wp\/v2\/posts\/8960\/revisions\/8966"}],"wp:featuredmedia":[{"embeddable":true,"href":"https:\/\/agora.xtec.cat\/iesalella\/wp-json\/wp\/v2\/media\/8961"}],"wp:attachment":[{"href":"https:\/\/agora.xtec.cat\/iesalella\/wp-json\/wp\/v2\/media?parent=8960"}],"wp:term":[{"taxonomy":"category","embeddable":true,"href":"https:\/\/agora.xtec.cat\/iesalella\/wp-json\/wp\/v2\/categories?post=8960"},{"taxonomy":"post_tag","embeddable":true,"href":"https:\/\/agora.xtec.cat\/iesalella\/wp-json\/wp\/v2\/tags?post=8960"}],"curies":[{"name":"wp","href":"https:\/\/api.w.org\/{rel}","templated":true}]}}