{"id":8843,"date":"2024-07-05T14:16:56","date_gmt":"2024-07-05T12:16:56","guid":{"rendered":"https:\/\/agora.xtec.cat\/iesalella\/?p=8843"},"modified":"2024-07-18T14:33:23","modified_gmt":"2024-07-18T12:33:23","slug":"llistat-de-llibres-curs-24-25","status":"publish","type":"post","link":"https:\/\/agora.xtec.cat\/iesalella\/portada\/llistat-de-llibres-curs-24-25\/","title":{"rendered":"Llistat de llibres curs 24-25."},"content":{"rendered":"<p>Us adjuntem la llista de llibres del curs 24-25.<span style=\"color: #993300;\">\u00a0 La quota de l&#8217;AFA \u00e9s obligat\u00f2ria per les fam\u00edlies que opten per comprar els llibre per Iddink<\/span><\/p>\n<p>NOVETAT A 4t d&#8217;ESO. LLibre de catal\u00e0: Llengua i literatura. D&#8217;una altra manera 4 ESO. Editorial Edeb\u00e9. ISBN:978-84-683-6484-1 Per totes aquelles fam\u00edlies que ja heu fet la comanda a IDDINK, l&#8217;empresa es posar\u00e0 en contacte amb vosaltres per enviar-vos el llibre gratu\u00eftament a casa.<\/p>\n<p>1r ESO.<a href=\"https:\/\/agora.xtec.cat\/iesalella\/wp-content\/uploads\/usu119\/2024\/07\/1ESO.jpg\" target=\"_blank\" rel=\"noopener\"> Enlla\u00e7<\/a>. \u00a0<strong><span style=\"color: #ff0000;\">ERROR<\/span><\/strong> a les llistes: &#8220;les aventures del jove Lupin&#8221; \u00e9s <strong>exclusiu<\/strong> de<strong> llengua catalana.<\/strong> Nom\u00e9s cal <strong>1 exemplar<\/strong>.<\/p>\n<p>2n ESO. <a href=\"https:\/\/agora.xtec.cat\/iesalella\/wp-content\/uploads\/usu119\/2024\/07\/2ESO.jpg\" target=\"_blank\" rel=\"noopener\">Enlla\u00e7.<\/a> <span style=\"color: #993300;\"><span style=\"color: #ff0000;\"><strong>El llibre de franc\u00e8s s&#8217;haur\u00e0 d&#8217;adquirir al setembre quan s&#8217;hagi resolt l&#8217;assignaci\u00f3 de l&#8217;alumnat.<\/strong><\/span><\/span><\/p>\n<p>3r ESO. <a href=\"https:\/\/agora.xtec.cat\/iesalella\/wp-content\/uploads\/usu119\/2024\/07\/3ESO.jpg\" target=\"_blank\" rel=\"noopener\">Enlla\u00e7.<\/a> <span style=\"color: #993300;\"><span style=\"color: #ff0000;\"><strong>El llibre de franc\u00e8s s&#8217;haur\u00e0 d&#8217;adquirir al setembre quan s&#8217;hagi resolt l&#8217;assignaci\u00f3 de l&#8217;alumnat.<\/strong><\/span><\/span><\/p>\n<p>4t ESO.<a href=\"https:\/\/agora.xtec.cat\/iesalella\/wp-content\/uploads\/usu119\/2024\/07\/4ESO.jpg\" target=\"_blank\" rel=\"noopener\"> Enlla\u00e7.<\/a> <strong><a href=\"https:\/\/agora.xtec.cat\/iesalella\/wp-content\/uploads\/usu119\/2024\/07\/ASSIGNACIO-OPTATIVES-4ESO-24-25.pdf\" target=\"_blank\" rel=\"noopener\"><span style=\"color: #ff0000;\">\u00a0<\/span><\/a>ATENCI\u00d3! 4t d&#8217;ESO. Llibre de catal\u00e0: Llengua i literatura. D&#8217;una altra manera 4 ESO. Editorial Edeb\u00e9. ISBN:978-84-683-6484-1\u00a0<\/strong><\/p>\n<p><strong>4t ESO. <a href=\"https:\/\/agora.xtec.cat\/iesalella\/wp-content\/uploads\/usu119\/2024\/07\/ASSIGNACIO-OPTATIVES-4ESO-24-25.pdf\" target=\"_blank\" rel=\"noopener\"><span style=\"color: #ff0000;\">Consulteu l&#8217;assignaci\u00f3 d&#8217;optatives del curs 24-25.<\/span><\/a><\/strong><\/p>\n<p>1r Batxillerat. <a href=\"https:\/\/agora.xtec.cat\/iesalella\/wp-content\/uploads\/usu119\/2024\/07\/1BAT-1.jpg\" target=\"_blank\" rel=\"noopener\">Enlla\u00e7.<\/a> \u00a0<a href=\"https:\/\/agora.xtec.cat\/iesalella\/wp-content\/uploads\/usu119\/2024\/07\/1BAT-2.jpg\" target=\"_blank\" rel=\"noopener\">Enlla\u00e72<\/a><\/p>\n<p>2n Batxillerat. <a href=\"https:\/\/agora.xtec.cat\/iesalella\/wp-content\/uploads\/usu119\/2024\/07\/2BAT.jpg\" target=\"_blank\" rel=\"noopener\">Enlla\u00e7<\/a>.\u00a0 \u00a0 <a href=\"https:\/\/agora.xtec.cat\/iesalella\/wp-content\/uploads\/usu119\/2024\/07\/2BAT-2.jpg\" target=\"_blank\" rel=\"noopener\">Enlla\u00e72<\/a><\/p>\n<p>FP. Cicles formatius. <a href=\"https:\/\/agora.xtec.cat\/iesalella\/wp-content\/uploads\/usu119\/2024\/07\/Llistat-llibre-FP-Alella.pdf\" target=\"_blank\" rel=\"noopener\">Enlla\u00e7.\u00a0<\/a><\/p>\n<p>Instruccions per comprar els llibres per IDDINK. <a href=\"https:\/\/agora.xtec.cat\/iesalella\/wp-content\/uploads\/usu119\/2024\/07\/484-2024-CAT-COM-COMPRAR.pdf\" target=\"_blank\" rel=\"noopener\">Enlla\u00e7<\/a>.\u00a0 Codi per fer comandes:<strong> 484PR8<\/strong>.<\/p>\n<p><span style=\"font-weight: 400;\">Recordeu que enguany disposareu d\u2019un val escolar de 60 \u20ac que rebreu per direcci\u00f3 postal a casa vostra que podr\u00e0 ser bescanviat tant en les llibreries d\u2019Alella com en l\u2019empresa Iddink. <\/span><\/p>\n<p><span style=\"font-weight: 400;\">Podreu trobar tota la informaci\u00f3 al seg\u00fcent <\/span><a href=\"https:\/\/www.valescolar.cat\/\"><span style=\"font-weight: 400;\">enlla\u00e7<\/span><\/a><span style=\"font-weight: 400;\">.<\/span><\/p>\n<p><img loading=\"lazy\" decoding=\"async\" class=\"wp-image-8845 alignleft\" src=\"https:\/\/agora.xtec.cat\/iesalella\/wp-content\/uploads\/usu119\/2024\/07\/20230619_val.png_1377870808-300x198.png\" alt=\"\" width=\"341\" height=\"225\" srcset=\"https:\/\/agora.xtec.cat\/iesalella\/wp-content\/uploads\/usu119\/2024\/07\/20230619_val.png_1377870808-300x198.png 300w, https:\/\/agora.xtec.cat\/iesalella\/wp-content\/uploads\/usu119\/2024\/07\/20230619_val.png_1377870808-1024x677.png 1024w, https:\/\/agora.xtec.cat\/iesalella\/wp-content\/uploads\/usu119\/2024\/07\/20230619_val.png_1377870808-768x507.png 768w, https:\/\/agora.xtec.cat\/iesalella\/wp-content\/uploads\/usu119\/2024\/07\/20230619_val.png_1377870808.png 1400w\" sizes=\"auto, (max-width: 341px) 100vw, 341px\" \/><\/p>\n","protected":false},"excerpt":{"rendered":"<p>Us adjuntem la llista de llibres del curs 24-25.\u00a0 La quota de l&#8217;AFA \u00e9s obligat\u00f2ria per les fam\u00edlies que opten per comprar els llibre per Iddink<br \/>\nNOVETAT A 4t d&#8217;ESO. LLibre de catal\u00e0: Llengua i literatura. D&#8217;una altra manera 4 ESO. Editorial Edeb\u00e9. ISBN:978-84-683-6484-1 Per totes&hellip;  <a href=\"https:\/\/agora.xtec.cat\/iesalella\/portada\/llistat-de-llibres-curs-24-25\/\" title=\"Read Llistat de llibres curs 24-25.\">Llegeix m\u00e9s\u00bb<\/a><\/p>\n","protected":false},"author":1,"featured_media":0,"comment_status":"closed","ping_status":"closed","sticky":false,"template":"","format":"standard","meta":{"_bbp_topic_count":0,"_bbp_reply_count":0,"_bbp_total_topic_count":0,"_bbp_total_reply_count":0,"_bbp_voice_count":0,"_bbp_anonymous_reply_count":0,"_bbp_topic_count_hidden":0,"_bbp_reply_count_hidden":0,"_bbp_forum_subforum_count":0,"footnotes":""},"categories":[118,29],"tags":[],"class_list":["post-8843","post","type-post","status-publish","format-standard","hentry","category-estudis","category-portada"],"post_mailing_queue_ids":[],"_links":{"self":[{"href":"https:\/\/agora.xtec.cat\/iesalella\/wp-json\/wp\/v2\/posts\/8843","targetHints":{"allow":["GET"]}}],"collection":[{"href":"https:\/\/agora.xtec.cat\/iesalella\/wp-json\/wp\/v2\/posts"}],"about":[{"href":"https:\/\/agora.xtec.cat\/iesalella\/wp-json\/wp\/v2\/types\/post"}],"author":[{"embeddable":true,"href":"https:\/\/agora.xtec.cat\/iesalella\/wp-json\/wp\/v2\/users\/1"}],"replies":[{"embeddable":true,"href":"https:\/\/agora.xtec.cat\/iesalella\/wp-json\/wp\/v2\/comments?post=8843"}],"version-history":[{"count":6,"href":"https:\/\/agora.xtec.cat\/iesalella\/wp-json\/wp\/v2\/posts\/8843\/revisions"}],"predecessor-version":[{"id":8886,"href":"https:\/\/agora.xtec.cat\/iesalella\/wp-json\/wp\/v2\/posts\/8843\/revisions\/8886"}],"wp:attachment":[{"href":"https:\/\/agora.xtec.cat\/iesalella\/wp-json\/wp\/v2\/media?parent=8843"}],"wp:term":[{"taxonomy":"category","embeddable":true,"href":"https:\/\/agora.xtec.cat\/iesalella\/wp-json\/wp\/v2\/categories?post=8843"},{"taxonomy":"post_tag","embeddable":true,"href":"https:\/\/agora.xtec.cat\/iesalella\/wp-json\/wp\/v2\/tags?post=8843"}],"curies":[{"name":"wp","href":"https:\/\/api.w.org\/{rel}","templated":true}]}}