{"id":8691,"date":"2024-04-04T08:49:06","date_gmt":"2024-04-04T06:49:06","guid":{"rendered":"https:\/\/agora.xtec.cat\/iesalella\/?p=8691"},"modified":"2024-05-03T09:45:06","modified_gmt":"2024-05-03T07:45:06","slug":"preinscripcio-de-batxillerat-24-25","status":"publish","type":"post","link":"https:\/\/agora.xtec.cat\/iesalella\/estudis\/batxillerat\/preinscripcio-de-batxillerat-24-25\/","title":{"rendered":"Preinscripci\u00f3 de batxillerat 24-25."},"content":{"rendered":"<ul>\n<li><strong>BATXILLERAT. PREINSCRIPCI\u00d3 DEL 18 AL 25 D&#8217;ABRIL. Nom\u00e9s per alumnat nou al centre.<\/strong><\/li>\n<\/ul>\n<ul>\n<li style=\"list-style-type: none;\">\n<ul>\n<li style=\"list-style-type: none;\">\n<ul>\n<li><strong>NOU<\/strong>. Sol\u00b7licitud de preinscripci\u00f3 Batxillerat. <a href=\"https:\/\/educacio.gencat.cat\/ca\/tramits\/tramits-temes\/9388-batxillerat?moda=1\">Enlla\u00e7.\u00a0<\/a> Si teniu problemes amb la tramitaci\u00f3 de la sol\u00b7licitud poseu-vos en contacte amb la secretaria del centre.<\/li>\n<li><strong>NOU.<\/strong> Informaci\u00f3 \/ Ajuda sobre la preinscripci\u00f3. <a href=\"https:\/\/preinscripcio.gencat.cat\/ca\/estudis\/batxillerat\/preinscriute\/sollicitud\/\">Enlla\u00e7<\/a>.<\/li>\n<\/ul>\n<\/li>\n<\/ul>\n<\/li>\n<\/ul>\n<ul>\n<li style=\"list-style-type: none;\">\n<ul>\n<li style=\"list-style-type: none;\">\n<ul>\n<li>Qui ha de presentar la sol\u00b7licitud de preinscripci\u00f3 de batxillerat?<\/li>\n<\/ul>\n<\/li>\n<\/ul>\n<\/li>\n<\/ul>\n<p>Han de presentar la sol\u00b7licitud de preinscripci\u00f3 tots els alumnes que volen accedir al batxillerat de qualsevol modalitat en un centre diferent del que s&#8217;est\u00e0 cursant l&#8217;ESO, les persones que cursen o han cursat un cicle formatiu, les que volen accedir a la modalitat d&#8217;arts i les que provenen d&#8217;un institut que ja no imparteix el batxillerat.<\/p>\n<p>Important: si l&#8217;alumne\/a t\u00e9 18 anys o els fa durant l&#8217;any en qu\u00e8 es fa la preinscripci\u00f3, \u00e9s qui s&#8217;ha d&#8217;identificar i presentar-la.<\/p>\n<ul>\n<li style=\"list-style-type: none;\">\n<ul>\n<li style=\"list-style-type: none;\">\n<ul>\n<li style=\"list-style-type: none;\">\n<ul>\n<li>Qu\u00e8 necessito per fer la preinscripci\u00f3?<\/li>\n<li><strong>Ordinador, tauleta o tel\u00e8fon m\u00f2bil amb connexi\u00f3 a Internet:<\/strong>\u00a0Et caldr\u00e0 un dispositiu electr\u00f2nic amb connexi\u00f3 a Internet perqu\u00e8 la preinscripci\u00f3 es fa del tot en l\u00ednia.<\/li>\n<li><strong>Eina d&#8217;identificaci\u00f3 digital:<\/strong>\u00a0\u00c9s m\u00e9s segur que quan facis el tr\u00e0mit (el pare, la mare o el tutor o tutora que faci el tr\u00e0mit) tinguis una eina d&#8217;identificaci\u00f3 digital. Et recomanem l&#8217;<a href=\"https:\/\/web.gencat.cat\/ca\/tramits\/que-cal-fer-si\/Vull-identificar-me-digitalment\/idcat-mobil\/\">idCAT M\u00f2bil<\/a>\u00a0per la seva facilitat d&#8217;obtenci\u00f3 i d&#8217;\u00fas. Pots utilitzar tamb\u00e9 qualsevol certificat digital i Cl@ve.<\/li>\n<li><strong>L&#8217;identificador de l&#8217;alumne o l&#8217;alumna, RALC:<\/strong>\u00a0Si l&#8217;alumne\/a est\u00e0 escolaritzat a Catalunya, a l&#8217;hora de fer la sol\u00b7licitud de preinscripci\u00f3 has de tenir preparat el codi identificador de l&#8217;alumne o l&#8217;alumna. Aquest codi es pot consultar en aquest mateix web, a l&#8217;apartat Consulta de l&#8217;identificador de l&#8217;alumne.\u00a0<strong>\u00c9s important<\/strong>\u00a0verificar tamb\u00e9 que tota la informaci\u00f3 que hi apareix \u00e9s correcta. En cas contrari, cal sol\u00b7licitar una rectificaci\u00f3 de les dades.<\/li>\n<\/ul>\n<\/li>\n<\/ul>\n<\/li>\n<\/ul>\n<\/li>\n<\/ul>\n","protected":false},"excerpt":{"rendered":"<ul>\n<li>BATXILLERAT. PREINSCRIPCI\u00d3 DEL 18 AL 25 D&#8217;ABRIL. Nom\u00e9s per alumnat nou al centre.<\/li>\n<\/ul>\n<ul>\n<li style=\"list-style-type: none;\">\n<ul>\n<li style=\"list-style-type: none;\">\n<ul>\n<li>NOU. Sol\u00b7licitud de preinscripci\u00f3 Batxillerat. <a href=\"https:\/\/educacio.gencat.cat\/ca\/tramits\/tramits-temes\/9388-batxillerat?moda=1\">Enlla\u00e7.\u00a0<\/a> Si teniu problemes amb la tramitaci\u00f3 de la sol\u00b7licitud poseu-vos en contacte amb la secretaria del centre.<\/li>\n<li>NOU. Informaci\u00f3 \/ Ajuda sobre la&hellip;  <a href=\"https:\/\/agora.xtec.cat\/iesalella\/estudis\/batxillerat\/preinscripcio-de-batxillerat-24-25\/\" title=\"Read Preinscripci\u00f3 de batxillerat 24-25.\">Llegeix m\u00e9s\u00bb<\/a><br \/>\n","protected":false},"author":1,"featured_media":0,"comment_status":"closed","ping_status":"closed","sticky":false,"template":"","format":"standard","meta":{"_bbp_topic_count":0,"_bbp_reply_count":0,"_bbp_total_topic_count":0,"_bbp_total_reply_count":0,"_bbp_voice_count":0,"_bbp_anonymous_reply_count":0,"_bbp_topic_count_hidden":0,"_bbp_reply_count_hidden":0,"_bbp_forum_subforum_count":0,"footnotes":""},"categories":[8,29],"tags":[],"class_list":["post-8691","post","type-post","status-publish","format-standard","hentry","category-batxillerat","category-portada"],"post_mailing_queue_ids":[],"_links":{"self":[{"href":"https:\/\/agora.xtec.cat\/iesalella\/wp-json\/wp\/v2\/posts\/8691","targetHints":{"allow":["GET"]}}],"collection":[{"href":"https:\/\/agora.xtec.cat\/iesalella\/wp-json\/wp\/v2\/posts"}],"about":[{"href":"https:\/\/agora.xtec.cat\/iesalella\/wp-json\/wp\/v2\/types\/post"}],"author":[{"embeddable":true,"href":"https:\/\/agora.xtec.cat\/iesalella\/wp-json\/wp\/v2\/users\/1"}],"replies":[{"embeddable":true,"href":"https:\/\/agora.xtec.cat\/iesalella\/wp-json\/wp\/v2\/comments?post=8691"}],"version-history":[{"count":6,"href":"https:\/\/agora.xtec.cat\/iesalella\/wp-json\/wp\/v2\/posts\/8691\/revisions"}],"predecessor-version":[{"id":8699,"href":"https:\/\/agora.xtec.cat\/iesalella\/wp-json\/wp\/v2\/posts\/8691\/revisions\/8699"}],"wp:attachment":[{"href":"https:\/\/agora.xtec.cat\/iesalella\/wp-json\/wp\/v2\/media?parent=8691"}],"wp:term":[{"taxonomy":"category","embeddable":true,"href":"https:\/\/agora.xtec.cat\/iesalella\/wp-json\/wp\/v2\/categories?post=8691"},{"taxonomy":"post_tag","embeddable":true,"href":"https:\/\/agora.xtec.cat\/iesalella\/wp-json\/wp\/v2\/tags?post=8691"}],"curies":[{"name":"wp","href":"https:\/\/api.w.org\/{rel}","templated":true}]}}