{"id":8668,"date":"2024-03-05T16:33:52","date_gmt":"2024-03-05T15:33:52","guid":{"rendered":"https:\/\/agora.xtec.cat\/iesalella\/?p=8668"},"modified":"2024-03-05T16:44:52","modified_gmt":"2024-03-05T15:44:52","slug":"aprovacio-de-modificacions-a-les-normes-dorganitzacio-i-funcionament-del-centre","status":"publish","type":"post","link":"https:\/\/agora.xtec.cat\/iesalella\/portada\/aprovacio-de-modificacions-a-les-normes-dorganitzacio-i-funcionament-del-centre\/","title":{"rendered":"Aprovaci\u00f3 de Modificacions a les Normes d&#8217;Organitzaci\u00f3 i Funcionament del Centre"},"content":{"rendered":"<p>Ahir, 4 de mar\u00e7 de 2024, el Consell Escolar de l&#8217;INS Alella va celebrar una reuni\u00f3 ordin\u00e0ria en la qual es van aprovar diverses modificacions a les Normes d&#8217;Organitzaci\u00f3 i Funcionament del Centre (NOFC). Aquestes modificacions tenen com a objectiu millorar l&#8217;experi\u00e8ncia educativa dels nostres alumnes i establir un marc m\u00e9s clar de conviv\u00e8ncia, corresponsabilitat i responsabilitat entre tots els membres de la comunitat educativa.<\/p>\n<p>Entre les principals novetats aprovades destaquen:<\/p>\n<ol>\n<li><strong>Incorporaci\u00f3 de l&#8217;Addenda sobre la Prohibici\u00f3 de la tinen\u00e7a i \u00fas<\/strong><strong> del M\u00f2bil al Centre:<\/strong> S&#8217;ha incorporat l&#8217;addenda que va ser aprovada anteriorment, la qual prohibeix la tinen\u00e7a i l&#8217;\u00fas del tel\u00e8fon m\u00f2bil dins de les instal\u00b7lacions del centre durant l&#8217;horari lectiu. Aquesta mesura t\u00e9 com a finalitat fomentar un entorn d&#8217;aprenentatge m\u00e9s concentrat i respectu\u00f3s.<\/li>\n<li><strong>Apartats de Corresponsabilitat i Responsabilitat de les Fam\u00edlies:<\/strong> En l\u00ednia amb la carta de comprom\u00eds educatiu signada per les fam\u00edlies, s&#8217;han incorporat nous apartats que estableixen la corresponsabilitat i responsabilitat de les fam\u00edlies envers l&#8217;educaci\u00f3 dels seus fills\/es. Aquesta col\u00b7laboraci\u00f3 entre el centre educatiu i les fam\u00edlies \u00e9s fonamental per a un desenvolupament integral i \u00e8xit acad\u00e8mic dels alumnes.<\/li>\n<\/ol>\n<p>Aquestes modificacions reflecteixen el comprom\u00eds de l&#8217;INS Alella amb la millora cont\u00ednua i la creaci\u00f3 d&#8217;un entorn educatiu que fomenti el creixement personal i acad\u00e8mic dels nostres alumnes.<\/p>\n<p>Per a m\u00e9s informaci\u00f3 sobre les modificacions a les NOFC, podeu consultar el document complet a la nostra p\u00e0gina web.<\/p>\n","protected":false},"excerpt":{"rendered":"<p>Ahir, 4 de mar\u00e7 de 2024, el Consell Escolar de l&#8217;INS Alella va celebrar una reuni\u00f3 ordin\u00e0ria en la qual es van aprovar diverses modificacions a les Normes d&#8217;Organitzaci\u00f3 i Funcionament del Centre (NOFC). Aquestes modificacions tenen com a objectiu millorar l&#8217;experi\u00e8ncia educativa dels nostres&hellip;  <a href=\"https:\/\/agora.xtec.cat\/iesalella\/portada\/aprovacio-de-modificacions-a-les-normes-dorganitzacio-i-funcionament-del-centre\/\" title=\"Read Aprovaci\u00f3 de Modificacions a les Normes d&#8217;Organitzaci\u00f3 i Funcionament del Centre\">Llegeix m\u00e9s\u00bb<\/a><\/p>\n","protected":false},"author":1,"featured_media":0,"comment_status":"closed","ping_status":"closed","sticky":false,"template":"","format":"standard","meta":{"_bbp_topic_count":0,"_bbp_reply_count":0,"_bbp_total_topic_count":0,"_bbp_total_reply_count":0,"_bbp_voice_count":0,"_bbp_anonymous_reply_count":0,"_bbp_topic_count_hidden":0,"_bbp_reply_count_hidden":0,"_bbp_forum_subforum_count":0,"footnotes":""},"categories":[29],"tags":[220,252],"class_list":["post-8668","post","type-post","status-publish","format-standard","hentry","category-portada","tag-consell-escolar","tag-nofc"],"post_mailing_queue_ids":[],"_links":{"self":[{"href":"https:\/\/agora.xtec.cat\/iesalella\/wp-json\/wp\/v2\/posts\/8668","targetHints":{"allow":["GET"]}}],"collection":[{"href":"https:\/\/agora.xtec.cat\/iesalella\/wp-json\/wp\/v2\/posts"}],"about":[{"href":"https:\/\/agora.xtec.cat\/iesalella\/wp-json\/wp\/v2\/types\/post"}],"author":[{"embeddable":true,"href":"https:\/\/agora.xtec.cat\/iesalella\/wp-json\/wp\/v2\/users\/1"}],"replies":[{"embeddable":true,"href":"https:\/\/agora.xtec.cat\/iesalella\/wp-json\/wp\/v2\/comments?post=8668"}],"version-history":[{"count":2,"href":"https:\/\/agora.xtec.cat\/iesalella\/wp-json\/wp\/v2\/posts\/8668\/revisions"}],"predecessor-version":[{"id":8672,"href":"https:\/\/agora.xtec.cat\/iesalella\/wp-json\/wp\/v2\/posts\/8668\/revisions\/8672"}],"wp:attachment":[{"href":"https:\/\/agora.xtec.cat\/iesalella\/wp-json\/wp\/v2\/media?parent=8668"}],"wp:term":[{"taxonomy":"category","embeddable":true,"href":"https:\/\/agora.xtec.cat\/iesalella\/wp-json\/wp\/v2\/categories?post=8668"},{"taxonomy":"post_tag","embeddable":true,"href":"https:\/\/agora.xtec.cat\/iesalella\/wp-json\/wp\/v2\/tags?post=8668"}],"curies":[{"name":"wp","href":"https:\/\/api.w.org\/{rel}","templated":true}]}}