{"id":8577,"date":"2024-01-31T08:25:30","date_gmt":"2024-01-31T07:25:30","guid":{"rendered":"https:\/\/agora.xtec.cat\/iesalella\/?p=8577"},"modified":"2024-01-31T08:25:30","modified_gmt":"2024-01-31T07:25:30","slug":"dia-escolar-de-la-no-violencia-i-la-pau","status":"publish","type":"post","link":"https:\/\/agora.xtec.cat\/iesalella\/portada\/dia-escolar-de-la-no-violencia-i-la-pau\/","title":{"rendered":"Dia escolar de la No Viol\u00e8ncia i la Pau"},"content":{"rendered":"<p>Imatges de la celebraci\u00f3 del Dia Escolar de la No Viol\u00e8ncia i la PAU \u262e\ufe0f (DENIP). \u00c9s el vuit\u00e8 any que els centres educatius d&#8217;Alella ens unim per treballar activitats relacionades amb la cultura de la Pau i la No Viol\u00e8ncia. @ajalella , @llimelspinyons , @elcampanaralella, @chiravalle_school, @escola_el_pino @ptt_vendes_baixmaresme #Alella<\/p>\n<p style=\"padding-left: 40px; text-align: right;\"><img loading=\"lazy\" decoding=\"async\" class=\"aligncenter size-full wp-image-8578\" src=\"https:\/\/agora.xtec.cat\/iesalella\/wp-content\/uploads\/usu119\/2024\/01\/IMG_20240131_082058_789.webp\" alt=\"\" width=\"1080\" height=\"1351\" srcset=\"https:\/\/agora.xtec.cat\/iesalella\/wp-content\/uploads\/usu119\/2024\/01\/IMG_20240131_082058_789.webp 1080w, https:\/\/agora.xtec.cat\/iesalella\/wp-content\/uploads\/usu119\/2024\/01\/IMG_20240131_082058_789-240x300.webp 240w, https:\/\/agora.xtec.cat\/iesalella\/wp-content\/uploads\/usu119\/2024\/01\/IMG_20240131_082058_789-819x1024.webp 819w, https:\/\/agora.xtec.cat\/iesalella\/wp-content\/uploads\/usu119\/2024\/01\/IMG_20240131_082058_789-768x961.webp 768w\" sizes=\"auto, (max-width: 1080px) 100vw, 1080px\" \/> <img loading=\"lazy\" decoding=\"async\" class=\"aligncenter size-full wp-image-8579\" src=\"https:\/\/agora.xtec.cat\/iesalella\/wp-content\/uploads\/usu119\/2024\/01\/IMG_20240131_082058_795.webp\" alt=\"\" width=\"1080\" height=\"1351\" srcset=\"https:\/\/agora.xtec.cat\/iesalella\/wp-content\/uploads\/usu119\/2024\/01\/IMG_20240131_082058_795.webp 1080w, https:\/\/agora.xtec.cat\/iesalella\/wp-content\/uploads\/usu119\/2024\/01\/IMG_20240131_082058_795-240x300.webp 240w, https:\/\/agora.xtec.cat\/iesalella\/wp-content\/uploads\/usu119\/2024\/01\/IMG_20240131_082058_795-819x1024.webp 819w, https:\/\/agora.xtec.cat\/iesalella\/wp-content\/uploads\/usu119\/2024\/01\/IMG_20240131_082058_795-768x961.webp 768w\" sizes=\"auto, (max-width: 1080px) 100vw, 1080px\" \/> <img loading=\"lazy\" decoding=\"async\" class=\"aligncenter size-full wp-image-8580\" src=\"https:\/\/agora.xtec.cat\/iesalella\/wp-content\/uploads\/usu119\/2024\/01\/IMG_20240131_082058_774.webp\" alt=\"\" width=\"1080\" height=\"1350\" srcset=\"https:\/\/agora.xtec.cat\/iesalella\/wp-content\/uploads\/usu119\/2024\/01\/IMG_20240131_082058_774.webp 1080w, https:\/\/agora.xtec.cat\/iesalella\/wp-content\/uploads\/usu119\/2024\/01\/IMG_20240131_082058_774-240x300.webp 240w, https:\/\/agora.xtec.cat\/iesalella\/wp-content\/uploads\/usu119\/2024\/01\/IMG_20240131_082058_774-819x1024.webp 819w, https:\/\/agora.xtec.cat\/iesalella\/wp-content\/uploads\/usu119\/2024\/01\/IMG_20240131_082058_774-768x960.webp 768w\" sizes=\"auto, (max-width: 1080px) 100vw, 1080px\" \/> <img loading=\"lazy\" decoding=\"async\" class=\"aligncenter size-full wp-image-8581\" src=\"https:\/\/agora.xtec.cat\/iesalella\/wp-content\/uploads\/usu119\/2024\/01\/IMG_20240131_082058_753.webp\" alt=\"\" width=\"1080\" height=\"1351\" srcset=\"https:\/\/agora.xtec.cat\/iesalella\/wp-content\/uploads\/usu119\/2024\/01\/IMG_20240131_082058_753.webp 1080w, https:\/\/agora.xtec.cat\/iesalella\/wp-content\/uploads\/usu119\/2024\/01\/IMG_20240131_082058_753-240x300.webp 240w, https:\/\/agora.xtec.cat\/iesalella\/wp-content\/uploads\/usu119\/2024\/01\/IMG_20240131_082058_753-819x1024.webp 819w, https:\/\/agora.xtec.cat\/iesalella\/wp-content\/uploads\/usu119\/2024\/01\/IMG_20240131_082058_753-768x961.webp 768w\" sizes=\"auto, (max-width: 1080px) 100vw, 1080px\" \/> <img loading=\"lazy\" decoding=\"async\" src=\"https:\/\/agora.xtec.cat\/iesalella\/wp-content\/uploads\/usu119\/2024\/01\/IMG_20240131_082058_806.webp\" alt=\"\" width=\"1080\" height=\"1350\" \/><\/p>\n","protected":false},"excerpt":{"rendered":"<p>Imatges de la celebraci\u00f3 del Dia Escolar de la No Viol\u00e8ncia i la PAU \u262e\ufe0f (DENIP). \u00c9s el vuit\u00e8 any que els centres educatius d&#8217;Alella ens unim per treballar activitats relacionades amb la cultura de la Pau i la No Viol\u00e8ncia. @ajalella , @llimelspinyons ,&hellip;  <a href=\"https:\/\/agora.xtec.cat\/iesalella\/portada\/dia-escolar-de-la-no-violencia-i-la-pau\/\" title=\"Read Dia escolar de la No Viol\u00e8ncia i la Pau\">Llegeix m\u00e9s\u00bb<\/a><\/p>\n","protected":false},"author":1,"featured_media":8578,"comment_status":"closed","ping_status":"closed","sticky":false,"template":"","format":"standard","meta":{"_bbp_topic_count":0,"_bbp_reply_count":0,"_bbp_total_topic_count":0,"_bbp_total_reply_count":0,"_bbp_voice_count":0,"_bbp_anonymous_reply_count":0,"_bbp_topic_count_hidden":0,"_bbp_reply_count_hidden":0,"_bbp_forum_subforum_count":0,"footnotes":""},"categories":[139,29,142],"tags":[],"class_list":["post-8577","post","type-post","status-publish","format-standard","has-post-thumbnail","hentry","category-festes","category-portada","category-solidaritat"],"post_mailing_queue_ids":[],"_links":{"self":[{"href":"https:\/\/agora.xtec.cat\/iesalella\/wp-json\/wp\/v2\/posts\/8577","targetHints":{"allow":["GET"]}}],"collection":[{"href":"https:\/\/agora.xtec.cat\/iesalella\/wp-json\/wp\/v2\/posts"}],"about":[{"href":"https:\/\/agora.xtec.cat\/iesalella\/wp-json\/wp\/v2\/types\/post"}],"author":[{"embeddable":true,"href":"https:\/\/agora.xtec.cat\/iesalella\/wp-json\/wp\/v2\/users\/1"}],"replies":[{"embeddable":true,"href":"https:\/\/agora.xtec.cat\/iesalella\/wp-json\/wp\/v2\/comments?post=8577"}],"version-history":[{"count":1,"href":"https:\/\/agora.xtec.cat\/iesalella\/wp-json\/wp\/v2\/posts\/8577\/revisions"}],"predecessor-version":[{"id":8583,"href":"https:\/\/agora.xtec.cat\/iesalella\/wp-json\/wp\/v2\/posts\/8577\/revisions\/8583"}],"wp:featuredmedia":[{"embeddable":true,"href":"https:\/\/agora.xtec.cat\/iesalella\/wp-json\/wp\/v2\/media\/8578"}],"wp:attachment":[{"href":"https:\/\/agora.xtec.cat\/iesalella\/wp-json\/wp\/v2\/media?parent=8577"}],"wp:term":[{"taxonomy":"category","embeddable":true,"href":"https:\/\/agora.xtec.cat\/iesalella\/wp-json\/wp\/v2\/categories?post=8577"},{"taxonomy":"post_tag","embeddable":true,"href":"https:\/\/agora.xtec.cat\/iesalella\/wp-json\/wp\/v2\/tags?post=8577"}],"curies":[{"name":"wp","href":"https:\/\/api.w.org\/{rel}","templated":true}]}}