{"id":8552,"date":"2024-01-30T09:17:34","date_gmt":"2024-01-30T08:17:34","guid":{"rendered":"https:\/\/agora.xtec.cat\/iesalella\/?p=8552"},"modified":"2024-01-30T09:24:38","modified_gmt":"2024-01-30T08:24:38","slug":"visita-a-la-fundacio-alicia","status":"publish","type":"post","link":"https:\/\/agora.xtec.cat\/iesalella\/portada\/visita-a-la-fundacio-alicia\/","title":{"rendered":"Visita a la fundaci\u00f3 Al\u00edcia"},"content":{"rendered":"<p>Com \u00e9s una dieta dieta saludable? Intoler\u00e0ncia i al\u00b7lergia s\u00f3n el mateix? Com es pot personalitzar el men\u00fa d\u2019una persona cel\u00edaca? Qu\u00e8 \u00e9s la fenilceton\u00faria?<\/p>\n<p>&nbsp;<\/p>\n<p>Dimecres de la setmana passada, l\u2019alumnat de 3r d\u2019ESO, en el marc de l\u2019assignatura de biologia, va visitar la Fundaci\u00f3 Al\u00edcia: aprenentatge i diversi\u00f3 a parts iguals.<\/p>\n<p>&nbsp;<\/p>\n<p>Els dos tallers que han fet s\u00f3n: Fen\u00f2mens a la Carta i Correfogons.<\/p>\n<p>#BiologiaINSAlella #3ESOINSAlella #INSAlella <span class=\"atwho-query\">@fundacioalicia<\/span><\/p>\n<p><img loading=\"lazy\" decoding=\"async\" class=\"aligncenter size-full wp-image-8553\" src=\"https:\/\/agora.xtec.cat\/iesalella\/wp-content\/uploads\/usu119\/2024\/01\/IMG_20240129_175122_882.webp\" alt=\"\" width=\"1080\" height=\"916\" srcset=\"https:\/\/agora.xtec.cat\/iesalella\/wp-content\/uploads\/usu119\/2024\/01\/IMG_20240129_175122_882.webp 1080w, https:\/\/agora.xtec.cat\/iesalella\/wp-content\/uploads\/usu119\/2024\/01\/IMG_20240129_175122_882-300x254.webp 300w, https:\/\/agora.xtec.cat\/iesalella\/wp-content\/uploads\/usu119\/2024\/01\/IMG_20240129_175122_882-1024x869.webp 1024w, https:\/\/agora.xtec.cat\/iesalella\/wp-content\/uploads\/usu119\/2024\/01\/IMG_20240129_175122_882-768x651.webp 768w\" sizes=\"auto, (max-width: 1080px) 100vw, 1080px\" \/> <img loading=\"lazy\" decoding=\"async\" class=\"aligncenter size-full wp-image-8554\" src=\"https:\/\/agora.xtec.cat\/iesalella\/wp-content\/uploads\/usu119\/2024\/01\/IMG_20240129_175122_870.webp\" alt=\"\" width=\"1080\" height=\"916\" srcset=\"https:\/\/agora.xtec.cat\/iesalella\/wp-content\/uploads\/usu119\/2024\/01\/IMG_20240129_175122_870.webp 1080w, https:\/\/agora.xtec.cat\/iesalella\/wp-content\/uploads\/usu119\/2024\/01\/IMG_20240129_175122_870-300x254.webp 300w, https:\/\/agora.xtec.cat\/iesalella\/wp-content\/uploads\/usu119\/2024\/01\/IMG_20240129_175122_870-1024x869.webp 1024w, https:\/\/agora.xtec.cat\/iesalella\/wp-content\/uploads\/usu119\/2024\/01\/IMG_20240129_175122_870-768x651.webp 768w\" sizes=\"auto, (max-width: 1080px) 100vw, 1080px\" \/> <img loading=\"lazy\" decoding=\"async\" class=\"aligncenter size-full wp-image-8555\" src=\"https:\/\/agora.xtec.cat\/iesalella\/wp-content\/uploads\/usu119\/2024\/01\/IMG_20240129_175122_895.webp\" alt=\"\" width=\"1080\" height=\"916\" srcset=\"https:\/\/agora.xtec.cat\/iesalella\/wp-content\/uploads\/usu119\/2024\/01\/IMG_20240129_175122_895.webp 1080w, https:\/\/agora.xtec.cat\/iesalella\/wp-content\/uploads\/usu119\/2024\/01\/IMG_20240129_175122_895-300x254.webp 300w, https:\/\/agora.xtec.cat\/iesalella\/wp-content\/uploads\/usu119\/2024\/01\/IMG_20240129_175122_895-1024x869.webp 1024w, https:\/\/agora.xtec.cat\/iesalella\/wp-content\/uploads\/usu119\/2024\/01\/IMG_20240129_175122_895-768x651.webp 768w\" sizes=\"auto, (max-width: 1080px) 100vw, 1080px\" \/> <img loading=\"lazy\" decoding=\"async\" class=\"aligncenter size-full wp-image-8556\" src=\"https:\/\/agora.xtec.cat\/iesalella\/wp-content\/uploads\/usu119\/2024\/01\/IMG_20240129_175122_899.webp\" alt=\"\" width=\"891\" height=\"757\" srcset=\"https:\/\/agora.xtec.cat\/iesalella\/wp-content\/uploads\/usu119\/2024\/01\/IMG_20240129_175122_899.webp 891w, https:\/\/agora.xtec.cat\/iesalella\/wp-content\/uploads\/usu119\/2024\/01\/IMG_20240129_175122_899-300x255.webp 300w, https:\/\/agora.xtec.cat\/iesalella\/wp-content\/uploads\/usu119\/2024\/01\/IMG_20240129_175122_899-768x652.webp 768w\" sizes=\"auto, (max-width: 891px) 100vw, 891px\" \/> <img loading=\"lazy\" decoding=\"async\" src=\"https:\/\/agora.xtec.cat\/iesalella\/wp-content\/uploads\/usu119\/2024\/01\/IMG_20240129_175122_909.webp\" alt=\"\" width=\"1080\" height=\"917\" \/><\/p>\n","protected":false},"excerpt":{"rendered":"<p>Com \u00e9s una dieta dieta saludable? Intoler\u00e0ncia i al\u00b7lergia s\u00f3n el mateix? Com es pot personalitzar el men\u00fa d\u2019una persona cel\u00edaca? Qu\u00e8 \u00e9s la fenilceton\u00faria?<br \/>\n&nbsp;<br \/>\nDimecres de la setmana passada, l\u2019alumnat de 3r d\u2019ESO, en el marc de l\u2019assignatura de biologia, va visitar la Fundaci\u00f3 Al\u00edcia:&hellip;  <a href=\"https:\/\/agora.xtec.cat\/iesalella\/portada\/visita-a-la-fundacio-alicia\/\" title=\"Read Visita a la fundaci\u00f3 Al\u00edcia\">Llegeix m\u00e9s\u00bb<\/a><\/p>\n","protected":false},"author":1,"featured_media":8557,"comment_status":"closed","ping_status":"closed","sticky":false,"template":"","format":"standard","meta":{"_bbp_topic_count":0,"_bbp_reply_count":0,"_bbp_total_topic_count":0,"_bbp_total_reply_count":0,"_bbp_voice_count":0,"_bbp_anonymous_reply_count":0,"_bbp_topic_count_hidden":0,"_bbp_reply_count_hidden":0,"_bbp_forum_subforum_count":0,"footnotes":""},"categories":[29],"tags":[244],"class_list":["post-8552","post","type-post","status-publish","format-standard","has-post-thumbnail","hentry","category-portada","tag-fundacio-alicia"],"post_mailing_queue_ids":[],"_links":{"self":[{"href":"https:\/\/agora.xtec.cat\/iesalella\/wp-json\/wp\/v2\/posts\/8552","targetHints":{"allow":["GET"]}}],"collection":[{"href":"https:\/\/agora.xtec.cat\/iesalella\/wp-json\/wp\/v2\/posts"}],"about":[{"href":"https:\/\/agora.xtec.cat\/iesalella\/wp-json\/wp\/v2\/types\/post"}],"author":[{"embeddable":true,"href":"https:\/\/agora.xtec.cat\/iesalella\/wp-json\/wp\/v2\/users\/1"}],"replies":[{"embeddable":true,"href":"https:\/\/agora.xtec.cat\/iesalella\/wp-json\/wp\/v2\/comments?post=8552"}],"version-history":[{"count":1,"href":"https:\/\/agora.xtec.cat\/iesalella\/wp-json\/wp\/v2\/posts\/8552\/revisions"}],"predecessor-version":[{"id":8558,"href":"https:\/\/agora.xtec.cat\/iesalella\/wp-json\/wp\/v2\/posts\/8552\/revisions\/8558"}],"wp:featuredmedia":[{"embeddable":true,"href":"https:\/\/agora.xtec.cat\/iesalella\/wp-json\/wp\/v2\/media\/8557"}],"wp:attachment":[{"href":"https:\/\/agora.xtec.cat\/iesalella\/wp-json\/wp\/v2\/media?parent=8552"}],"wp:term":[{"taxonomy":"category","embeddable":true,"href":"https:\/\/agora.xtec.cat\/iesalella\/wp-json\/wp\/v2\/categories?post=8552"},{"taxonomy":"post_tag","embeddable":true,"href":"https:\/\/agora.xtec.cat\/iesalella\/wp-json\/wp\/v2\/tags?post=8552"}],"curies":[{"name":"wp","href":"https:\/\/api.w.org\/{rel}","templated":true}]}}