{"id":8258,"date":"2023-06-20T12:31:45","date_gmt":"2023-06-20T10:31:45","guid":{"rendered":"https:\/\/agora.xtec.cat\/iesalella\/?p=8258"},"modified":"2023-06-20T12:31:51","modified_gmt":"2023-06-20T10:31:51","slug":"el-departament-deducacio-amplia-el-periode-de-matriculacio-a-leso","status":"publish","type":"post","link":"https:\/\/agora.xtec.cat\/iesalella\/portada\/el-departament-deducacio-amplia-el-periode-de-matriculacio-a-leso\/","title":{"rendered":"El departament d&#8217;educaci\u00f3 amplia el per\u00edode de matriculaci\u00f3 a l&#8217;ESO"},"content":{"rendered":"<p>Ahir, el departament d&#8217;educaci\u00f3 va informar que ampliava el termini de matriculaci\u00f3 fins el 30 de juny.<\/p>\n<p>&nbsp;<\/p>\n","protected":false},"excerpt":{"rendered":"<p>Ahir, el departament d&#8217;educaci\u00f3 va informar que ampliava el termini de matriculaci\u00f3 fins el 30 de juny.<br \/>\n&nbsp;<\/p>\n","protected":false},"author":1,"featured_media":0,"comment_status":"closed","ping_status":"closed","sticky":false,"template":"","format":"standard","meta":{"_bbp_topic_count":0,"_bbp_reply_count":0,"_bbp_total_topic_count":0,"_bbp_total_reply_count":0,"_bbp_voice_count":0,"_bbp_anonymous_reply_count":0,"_bbp_topic_count_hidden":0,"_bbp_reply_count_hidden":0,"_bbp_forum_subforum_count":0,"footnotes":""},"categories":[29],"tags":[],"class_list":["post-8258","post","type-post","status-publish","format-standard","hentry","category-portada"],"post_mailing_queue_ids":[],"_links":{"self":[{"href":"https:\/\/agora.xtec.cat\/iesalella\/wp-json\/wp\/v2\/posts\/8258","targetHints":{"allow":["GET"]}}],"collection":[{"href":"https:\/\/agora.xtec.cat\/iesalella\/wp-json\/wp\/v2\/posts"}],"about":[{"href":"https:\/\/agora.xtec.cat\/iesalella\/wp-json\/wp\/v2\/types\/post"}],"author":[{"embeddable":true,"href":"https:\/\/agora.xtec.cat\/iesalella\/wp-json\/wp\/v2\/users\/1"}],"replies":[{"embeddable":true,"href":"https:\/\/agora.xtec.cat\/iesalella\/wp-json\/wp\/v2\/comments?post=8258"}],"version-history":[{"count":2,"href":"https:\/\/agora.xtec.cat\/iesalella\/wp-json\/wp\/v2\/posts\/8258\/revisions"}],"predecessor-version":[{"id":8260,"href":"https:\/\/agora.xtec.cat\/iesalella\/wp-json\/wp\/v2\/posts\/8258\/revisions\/8260"}],"wp:attachment":[{"href":"https:\/\/agora.xtec.cat\/iesalella\/wp-json\/wp\/v2\/media?parent=8258"}],"wp:term":[{"taxonomy":"category","embeddable":true,"href":"https:\/\/agora.xtec.cat\/iesalella\/wp-json\/wp\/v2\/categories?post=8258"},{"taxonomy":"post_tag","embeddable":true,"href":"https:\/\/agora.xtec.cat\/iesalella\/wp-json\/wp\/v2\/tags?post=8258"}],"curies":[{"name":"wp","href":"https:\/\/api.w.org\/{rel}","templated":true}]}}