{"id":8084,"date":"2023-04-27T18:28:26","date_gmt":"2023-04-27T16:28:26","guid":{"rendered":"https:\/\/agora.xtec.cat\/iesalella\/?p=8084"},"modified":"2023-04-27T18:28:26","modified_gmt":"2023-04-27T16:28:26","slug":"calculem-el-volum-de-dracs-llibres-i-roses","status":"publish","type":"post","link":"https:\/\/agora.xtec.cat\/iesalella\/portada\/calculem-el-volum-de-dracs-llibres-i-roses\/","title":{"rendered":"Calculem el volum de dracs, llibres i roses"},"content":{"rendered":"<p>En el marc de la Setmana de les Lletres, a 3r d&#8217;ESO ens inspirem en la llegenda de Sant Jordi per fer-ne una representaci\u00f3 a partir dels cossos geom\u00e8trics estudiats a Matem\u00e0tiques. Hem calculat el volum de dracs, llibres i roses! \ud83d\udc09\ud83d\udcda\ud83c\udf39<\/p>\n<p><a href=\"https:\/\/agora.xtec.cat\/iesalella\/wp-content\/uploads\/usu119\/2023\/04\/IMG-20230427-WA0016.jpg\"><img loading=\"lazy\" decoding=\"async\" class=\"aligncenter size-full wp-image-8085\" src=\"https:\/\/agora.xtec.cat\/iesalella\/wp-content\/uploads\/usu119\/2023\/04\/IMG-20230427-WA0016.jpg\" alt=\"\" width=\"1600\" height=\"1204\" srcset=\"https:\/\/agora.xtec.cat\/iesalella\/wp-content\/uploads\/usu119\/2023\/04\/IMG-20230427-WA0016.jpg 1600w, https:\/\/agora.xtec.cat\/iesalella\/wp-content\/uploads\/usu119\/2023\/04\/IMG-20230427-WA0016-300x226.jpg 300w, https:\/\/agora.xtec.cat\/iesalella\/wp-content\/uploads\/usu119\/2023\/04\/IMG-20230427-WA0016-1024x771.jpg 1024w, https:\/\/agora.xtec.cat\/iesalella\/wp-content\/uploads\/usu119\/2023\/04\/IMG-20230427-WA0016-768x578.jpg 768w, https:\/\/agora.xtec.cat\/iesalella\/wp-content\/uploads\/usu119\/2023\/04\/IMG-20230427-WA0016-1536x1156.jpg 1536w, https:\/\/agora.xtec.cat\/iesalella\/wp-content\/uploads\/usu119\/2023\/04\/IMG-20230427-WA0016-200x150.jpg 200w\" sizes=\"auto, (max-width: 1600px) 100vw, 1600px\" \/><\/a> <a href=\"https:\/\/agora.xtec.cat\/iesalella\/wp-content\/uploads\/usu119\/2023\/04\/IMG-20230427-WA0019.jpg\"><img loading=\"lazy\" decoding=\"async\" class=\"aligncenter size-full wp-image-8086\" src=\"https:\/\/agora.xtec.cat\/iesalella\/wp-content\/uploads\/usu119\/2023\/04\/IMG-20230427-WA0019.jpg\" alt=\"\" width=\"1204\" height=\"1600\" srcset=\"https:\/\/agora.xtec.cat\/iesalella\/wp-content\/uploads\/usu119\/2023\/04\/IMG-20230427-WA0019.jpg 1204w, https:\/\/agora.xtec.cat\/iesalella\/wp-content\/uploads\/usu119\/2023\/04\/IMG-20230427-WA0019-226x300.jpg 226w, https:\/\/agora.xtec.cat\/iesalella\/wp-content\/uploads\/usu119\/2023\/04\/IMG-20230427-WA0019-771x1024.jpg 771w, https:\/\/agora.xtec.cat\/iesalella\/wp-content\/uploads\/usu119\/2023\/04\/IMG-20230427-WA0019-768x1021.jpg 768w, https:\/\/agora.xtec.cat\/iesalella\/wp-content\/uploads\/usu119\/2023\/04\/IMG-20230427-WA0019-1156x1536.jpg 1156w\" sizes=\"auto, (max-width: 1204px) 100vw, 1204px\" \/><\/a> <a href=\"https:\/\/agora.xtec.cat\/iesalella\/wp-content\/uploads\/usu119\/2023\/04\/IMG-20230427-WA0017.jpg\"><img loading=\"lazy\" decoding=\"async\" class=\"aligncenter size-full wp-image-8087\" src=\"https:\/\/agora.xtec.cat\/iesalella\/wp-content\/uploads\/usu119\/2023\/04\/IMG-20230427-WA0017.jpg\" alt=\"\" width=\"1204\" height=\"1600\" srcset=\"https:\/\/agora.xtec.cat\/iesalella\/wp-content\/uploads\/usu119\/2023\/04\/IMG-20230427-WA0017.jpg 1204w, https:\/\/agora.xtec.cat\/iesalella\/wp-content\/uploads\/usu119\/2023\/04\/IMG-20230427-WA0017-226x300.jpg 226w, https:\/\/agora.xtec.cat\/iesalella\/wp-content\/uploads\/usu119\/2023\/04\/IMG-20230427-WA0017-771x1024.jpg 771w, https:\/\/agora.xtec.cat\/iesalella\/wp-content\/uploads\/usu119\/2023\/04\/IMG-20230427-WA0017-768x1021.jpg 768w, https:\/\/agora.xtec.cat\/iesalella\/wp-content\/uploads\/usu119\/2023\/04\/IMG-20230427-WA0017-1156x1536.jpg 1156w\" sizes=\"auto, (max-width: 1204px) 100vw, 1204px\" \/><\/a><\/p>\n","protected":false},"excerpt":{"rendered":"<p>En el marc de la Setmana de les Lletres, a 3r d&#8217;ESO ens inspirem en la llegenda de Sant Jordi per fer-ne una representaci\u00f3 a partir dels cossos geom\u00e8trics estudiats a Matem\u00e0tiques. Hem calculat el volum de dracs, llibres i roses! \ud83d\udc09\ud83d\udcda\ud83c\udf39<br \/>\n<a href=\"https:\/\/agora.xtec.cat\/iesalella\/wp-content\/uploads\/usu119\/2023\/04\/IMG-20230427-WA0016.jpg\"><\/a> <a href=\"https:\/\/agora.xtec.cat\/iesalella\/wp-content\/uploads\/usu119\/2023\/04\/IMG-20230427-WA0019.jpg\"><\/a>&hellip;  <a href=\"https:\/\/agora.xtec.cat\/iesalella\/portada\/calculem-el-volum-de-dracs-llibres-i-roses\/\" title=\"Read Calculem el volum de dracs, llibres i roses\">Llegeix m\u00e9s\u00bb<\/a><\/p>\n","protected":false},"author":1,"featured_media":8085,"comment_status":"closed","ping_status":"closed","sticky":false,"template":"","format":"standard","meta":{"_bbp_topic_count":0,"_bbp_reply_count":0,"_bbp_total_topic_count":0,"_bbp_total_reply_count":0,"_bbp_voice_count":0,"_bbp_anonymous_reply_count":0,"_bbp_topic_count_hidden":0,"_bbp_reply_count_hidden":0,"_bbp_forum_subforum_count":0,"footnotes":""},"categories":[29,176],"tags":[],"class_list":["post-8084","post","type-post","status-publish","format-standard","has-post-thumbnail","hentry","category-portada","category-setmana-de-les-lletres"],"post_mailing_queue_ids":[],"_links":{"self":[{"href":"https:\/\/agora.xtec.cat\/iesalella\/wp-json\/wp\/v2\/posts\/8084","targetHints":{"allow":["GET"]}}],"collection":[{"href":"https:\/\/agora.xtec.cat\/iesalella\/wp-json\/wp\/v2\/posts"}],"about":[{"href":"https:\/\/agora.xtec.cat\/iesalella\/wp-json\/wp\/v2\/types\/post"}],"author":[{"embeddable":true,"href":"https:\/\/agora.xtec.cat\/iesalella\/wp-json\/wp\/v2\/users\/1"}],"replies":[{"embeddable":true,"href":"https:\/\/agora.xtec.cat\/iesalella\/wp-json\/wp\/v2\/comments?post=8084"}],"version-history":[{"count":1,"href":"https:\/\/agora.xtec.cat\/iesalella\/wp-json\/wp\/v2\/posts\/8084\/revisions"}],"predecessor-version":[{"id":8088,"href":"https:\/\/agora.xtec.cat\/iesalella\/wp-json\/wp\/v2\/posts\/8084\/revisions\/8088"}],"wp:featuredmedia":[{"embeddable":true,"href":"https:\/\/agora.xtec.cat\/iesalella\/wp-json\/wp\/v2\/media\/8085"}],"wp:attachment":[{"href":"https:\/\/agora.xtec.cat\/iesalella\/wp-json\/wp\/v2\/media?parent=8084"}],"wp:term":[{"taxonomy":"category","embeddable":true,"href":"https:\/\/agora.xtec.cat\/iesalella\/wp-json\/wp\/v2\/categories?post=8084"},{"taxonomy":"post_tag","embeddable":true,"href":"https:\/\/agora.xtec.cat\/iesalella\/wp-json\/wp\/v2\/tags?post=8084"}],"curies":[{"name":"wp","href":"https:\/\/api.w.org\/{rel}","templated":true}]}}