{"id":8006,"date":"2023-04-18T16:47:03","date_gmt":"2023-04-18T14:47:03","guid":{"rendered":"https:\/\/agora.xtec.cat\/iesalella\/?p=8006"},"modified":"2023-04-20T09:01:59","modified_gmt":"2023-04-20T07:01:59","slug":"1r-eso-estada-a-prades","status":"publish","type":"post","link":"https:\/\/agora.xtec.cat\/iesalella\/estudis\/eso\/eso-1\/1r-eso-estada-a-prades\/","title":{"rendered":"L&#8217;alumnat de 1r d&#8217;ESO de l&#8217;Institut d&#8217;Alella gaudeix del treball de s\u00edntesi a Prades"},"content":{"rendered":"<p>Del 18 al 20 d&#8217;abril, l&#8217;alumnat de 1r d&#8217;ESO de l&#8217;Institut d&#8217;Alella gaudeix d&#8217;unes col\u00f2nies inoblidables a Prades. Durant aquests dies, els alumnes combinen tasques educatives i de lleure, creant un ambient positiu propici per al creixement personal i l&#8217;enriquiment.<\/p>\n<p>Les col\u00f2nies de Prades s\u00f3n una oportunitat \u00fanica per als alumnes de 1r d&#8217;ESO per cr\u00e9ixer com a persones, desenvolupar habilitats socials i formar lla\u00e7os d&#8217;amistat. Aquesta experi\u00e8ncia quedar\u00e0 per sempre gravada en la seva mem\u00f2ria com un moment especial i significatiu del seu pas per l&#8217;institut.<\/p>\n<p>A continuaci\u00f3 es mostren algunes fotografies d&#8217;aquests dies, que capturen la felicitat i el bon ambient que es viu durant les col\u00f2nies de Prades:<\/p>\n<p><a href=\"https:\/\/agora.xtec.cat\/iesalella\/wp-content\/uploads\/usu119\/2023\/04\/IMG-20230419-WA0005.jpg\"><img loading=\"lazy\" decoding=\"async\" class=\"aligncenter size-full wp-image-8018\" src=\"https:\/\/agora.xtec.cat\/iesalella\/wp-content\/uploads\/usu119\/2023\/04\/IMG-20230419-WA0005.jpg\" alt=\"\" width=\"1600\" height=\"1200\" srcset=\"https:\/\/agora.xtec.cat\/iesalella\/wp-content\/uploads\/usu119\/2023\/04\/IMG-20230419-WA0005.jpg 1600w, https:\/\/agora.xtec.cat\/iesalella\/wp-content\/uploads\/usu119\/2023\/04\/IMG-20230419-WA0005-300x225.jpg 300w, https:\/\/agora.xtec.cat\/iesalella\/wp-content\/uploads\/usu119\/2023\/04\/IMG-20230419-WA0005-1024x768.jpg 1024w, https:\/\/agora.xtec.cat\/iesalella\/wp-content\/uploads\/usu119\/2023\/04\/IMG-20230419-WA0005-768x576.jpg 768w, https:\/\/agora.xtec.cat\/iesalella\/wp-content\/uploads\/usu119\/2023\/04\/IMG-20230419-WA0005-1536x1152.jpg 1536w, https:\/\/agora.xtec.cat\/iesalella\/wp-content\/uploads\/usu119\/2023\/04\/IMG-20230419-WA0005-200x150.jpg 200w\" sizes=\"auto, (max-width: 1600px) 100vw, 1600px\" \/><\/a> <a href=\"https:\/\/agora.xtec.cat\/iesalella\/wp-content\/uploads\/usu119\/2023\/04\/IMG-20230419-WA0001.jpg\"><img loading=\"lazy\" decoding=\"async\" class=\"aligncenter size-full wp-image-8019\" src=\"https:\/\/agora.xtec.cat\/iesalella\/wp-content\/uploads\/usu119\/2023\/04\/IMG-20230419-WA0001.jpg\" alt=\"\" width=\"1600\" height=\"1200\" srcset=\"https:\/\/agora.xtec.cat\/iesalella\/wp-content\/uploads\/usu119\/2023\/04\/IMG-20230419-WA0001.jpg 1600w, https:\/\/agora.xtec.cat\/iesalella\/wp-content\/uploads\/usu119\/2023\/04\/IMG-20230419-WA0001-300x225.jpg 300w, https:\/\/agora.xtec.cat\/iesalella\/wp-content\/uploads\/usu119\/2023\/04\/IMG-20230419-WA0001-1024x768.jpg 1024w, https:\/\/agora.xtec.cat\/iesalella\/wp-content\/uploads\/usu119\/2023\/04\/IMG-20230419-WA0001-768x576.jpg 768w, https:\/\/agora.xtec.cat\/iesalella\/wp-content\/uploads\/usu119\/2023\/04\/IMG-20230419-WA0001-1536x1152.jpg 1536w, https:\/\/agora.xtec.cat\/iesalella\/wp-content\/uploads\/usu119\/2023\/04\/IMG-20230419-WA0001-200x150.jpg 200w\" sizes=\"auto, (max-width: 1600px) 100vw, 1600px\" \/><\/a> <a href=\"https:\/\/agora.xtec.cat\/iesalella\/wp-content\/uploads\/usu119\/2023\/04\/IMG-20230419-WA0002.jpg\"><img loading=\"lazy\" decoding=\"async\" class=\"aligncenter size-full wp-image-8020\" src=\"https:\/\/agora.xtec.cat\/iesalella\/wp-content\/uploads\/usu119\/2023\/04\/IMG-20230419-WA0002.jpg\" alt=\"\" width=\"1600\" height=\"1200\" srcset=\"https:\/\/agora.xtec.cat\/iesalella\/wp-content\/uploads\/usu119\/2023\/04\/IMG-20230419-WA0002.jpg 1600w, https:\/\/agora.xtec.cat\/iesalella\/wp-content\/uploads\/usu119\/2023\/04\/IMG-20230419-WA0002-300x225.jpg 300w, https:\/\/agora.xtec.cat\/iesalella\/wp-content\/uploads\/usu119\/2023\/04\/IMG-20230419-WA0002-1024x768.jpg 1024w, https:\/\/agora.xtec.cat\/iesalella\/wp-content\/uploads\/usu119\/2023\/04\/IMG-20230419-WA0002-768x576.jpg 768w, https:\/\/agora.xtec.cat\/iesalella\/wp-content\/uploads\/usu119\/2023\/04\/IMG-20230419-WA0002-1536x1152.jpg 1536w, https:\/\/agora.xtec.cat\/iesalella\/wp-content\/uploads\/usu119\/2023\/04\/IMG-20230419-WA0002-200x150.jpg 200w\" sizes=\"auto, (max-width: 1600px) 100vw, 1600px\" \/><\/a><\/p>\n<p><a href=\"https:\/\/agora.xtec.cat\/iesalella\/wp-content\/uploads\/usu119\/2023\/04\/IMG-20230418-WA0001.jpg\"><img loading=\"lazy\" decoding=\"async\" class=\"aligncenter size-full wp-image-8009\" src=\"https:\/\/agora.xtec.cat\/iesalella\/wp-content\/uploads\/usu119\/2023\/04\/IMG-20230418-WA0001.jpg\" alt=\"\" width=\"1600\" height=\"1200\" srcset=\"https:\/\/agora.xtec.cat\/iesalella\/wp-content\/uploads\/usu119\/2023\/04\/IMG-20230418-WA0001.jpg 1600w, https:\/\/agora.xtec.cat\/iesalella\/wp-content\/uploads\/usu119\/2023\/04\/IMG-20230418-WA0001-300x225.jpg 300w, https:\/\/agora.xtec.cat\/iesalella\/wp-content\/uploads\/usu119\/2023\/04\/IMG-20230418-WA0001-1024x768.jpg 1024w, https:\/\/agora.xtec.cat\/iesalella\/wp-content\/uploads\/usu119\/2023\/04\/IMG-20230418-WA0001-768x576.jpg 768w, https:\/\/agora.xtec.cat\/iesalella\/wp-content\/uploads\/usu119\/2023\/04\/IMG-20230418-WA0001-1536x1152.jpg 1536w, https:\/\/agora.xtec.cat\/iesalella\/wp-content\/uploads\/usu119\/2023\/04\/IMG-20230418-WA0001-200x150.jpg 200w\" sizes=\"auto, (max-width: 1600px) 100vw, 1600px\" \/><\/a> <a href=\"https:\/\/agora.xtec.cat\/iesalella\/wp-content\/uploads\/usu119\/2023\/04\/IMG-20230418-WA0004.jpg\"><img loading=\"lazy\" decoding=\"async\" class=\"aligncenter size-full wp-image-8010\" src=\"https:\/\/agora.xtec.cat\/iesalella\/wp-content\/uploads\/usu119\/2023\/04\/IMG-20230418-WA0004.jpg\" alt=\"\" width=\"1600\" height=\"1200\" srcset=\"https:\/\/agora.xtec.cat\/iesalella\/wp-content\/uploads\/usu119\/2023\/04\/IMG-20230418-WA0004.jpg 1600w, https:\/\/agora.xtec.cat\/iesalella\/wp-content\/uploads\/usu119\/2023\/04\/IMG-20230418-WA0004-300x225.jpg 300w, https:\/\/agora.xtec.cat\/iesalella\/wp-content\/uploads\/usu119\/2023\/04\/IMG-20230418-WA0004-1024x768.jpg 1024w, https:\/\/agora.xtec.cat\/iesalella\/wp-content\/uploads\/usu119\/2023\/04\/IMG-20230418-WA0004-768x576.jpg 768w, https:\/\/agora.xtec.cat\/iesalella\/wp-content\/uploads\/usu119\/2023\/04\/IMG-20230418-WA0004-1536x1152.jpg 1536w, https:\/\/agora.xtec.cat\/iesalella\/wp-content\/uploads\/usu119\/2023\/04\/IMG-20230418-WA0004-200x150.jpg 200w\" sizes=\"auto, (max-width: 1600px) 100vw, 1600px\" \/><\/a> <a href=\"https:\/\/agora.xtec.cat\/iesalella\/wp-content\/uploads\/usu119\/2023\/04\/IMG-20230418-WA0006.jpg\"><img loading=\"lazy\" decoding=\"async\" class=\"aligncenter size-full wp-image-8011\" src=\"https:\/\/agora.xtec.cat\/iesalella\/wp-content\/uploads\/usu119\/2023\/04\/IMG-20230418-WA0006.jpg\" alt=\"\" width=\"1600\" height=\"1200\" srcset=\"https:\/\/agora.xtec.cat\/iesalella\/wp-content\/uploads\/usu119\/2023\/04\/IMG-20230418-WA0006.jpg 1600w, https:\/\/agora.xtec.cat\/iesalella\/wp-content\/uploads\/usu119\/2023\/04\/IMG-20230418-WA0006-300x225.jpg 300w, https:\/\/agora.xtec.cat\/iesalella\/wp-content\/uploads\/usu119\/2023\/04\/IMG-20230418-WA0006-1024x768.jpg 1024w, https:\/\/agora.xtec.cat\/iesalella\/wp-content\/uploads\/usu119\/2023\/04\/IMG-20230418-WA0006-768x576.jpg 768w, https:\/\/agora.xtec.cat\/iesalella\/wp-content\/uploads\/usu119\/2023\/04\/IMG-20230418-WA0006-1536x1152.jpg 1536w, https:\/\/agora.xtec.cat\/iesalella\/wp-content\/uploads\/usu119\/2023\/04\/IMG-20230418-WA0006-200x150.jpg 200w\" sizes=\"auto, (max-width: 1600px) 100vw, 1600px\" \/><\/a> <a href=\"https:\/\/agora.xtec.cat\/iesalella\/wp-content\/uploads\/usu119\/2023\/04\/IMG-20230418-WA0012.jpg\"><img loading=\"lazy\" decoding=\"async\" class=\"aligncenter size-full wp-image-8012\" src=\"https:\/\/agora.xtec.cat\/iesalella\/wp-content\/uploads\/usu119\/2023\/04\/IMG-20230418-WA0012.jpg\" alt=\"\" width=\"2000\" height=\"1500\" srcset=\"https:\/\/agora.xtec.cat\/iesalella\/wp-content\/uploads\/usu119\/2023\/04\/IMG-20230418-WA0012.jpg 2000w, https:\/\/agora.xtec.cat\/iesalella\/wp-content\/uploads\/usu119\/2023\/04\/IMG-20230418-WA0012-300x225.jpg 300w, https:\/\/agora.xtec.cat\/iesalella\/wp-content\/uploads\/usu119\/2023\/04\/IMG-20230418-WA0012-1024x768.jpg 1024w, https:\/\/agora.xtec.cat\/iesalella\/wp-content\/uploads\/usu119\/2023\/04\/IMG-20230418-WA0012-768x576.jpg 768w, https:\/\/agora.xtec.cat\/iesalella\/wp-content\/uploads\/usu119\/2023\/04\/IMG-20230418-WA0012-1536x1152.jpg 1536w, https:\/\/agora.xtec.cat\/iesalella\/wp-content\/uploads\/usu119\/2023\/04\/IMG-20230418-WA0012-200x150.jpg 200w\" sizes=\"auto, (max-width: 2000px) 100vw, 2000px\" \/><\/a><\/p>\n<p><a href=\"https:\/\/agora.xtec.cat\/iesalella\/wp-content\/uploads\/usu119\/2023\/04\/IMG-20230418-WA0014.jpg\"><img loading=\"lazy\" decoding=\"async\" class=\"aligncenter size-full wp-image-8007\" src=\"https:\/\/agora.xtec.cat\/iesalella\/wp-content\/uploads\/usu119\/2023\/04\/IMG-20230418-WA0014.jpg\" alt=\"\" width=\"1600\" height=\"1200\" srcset=\"https:\/\/agora.xtec.cat\/iesalella\/wp-content\/uploads\/usu119\/2023\/04\/IMG-20230418-WA0014.jpg 1600w, https:\/\/agora.xtec.cat\/iesalella\/wp-content\/uploads\/usu119\/2023\/04\/IMG-20230418-WA0014-300x225.jpg 300w, https:\/\/agora.xtec.cat\/iesalella\/wp-content\/uploads\/usu119\/2023\/04\/IMG-20230418-WA0014-1024x768.jpg 1024w, https:\/\/agora.xtec.cat\/iesalella\/wp-content\/uploads\/usu119\/2023\/04\/IMG-20230418-WA0014-768x576.jpg 768w, https:\/\/agora.xtec.cat\/iesalella\/wp-content\/uploads\/usu119\/2023\/04\/IMG-20230418-WA0014-1536x1152.jpg 1536w, https:\/\/agora.xtec.cat\/iesalella\/wp-content\/uploads\/usu119\/2023\/04\/IMG-20230418-WA0014-200x150.jpg 200w\" sizes=\"auto, (max-width: 1600px) 100vw, 1600px\" \/><\/a> <a href=\"https:\/\/agora.xtec.cat\/iesalella\/wp-content\/uploads\/usu119\/2023\/04\/IMG-20230418-WA0013.jpg\"><img loading=\"lazy\" decoding=\"async\" class=\"size-full wp-image-8008 alignright\" src=\"https:\/\/agora.xtec.cat\/iesalella\/wp-content\/uploads\/usu119\/2023\/04\/IMG-20230418-WA0013.jpg\" alt=\"\" width=\"1600\" height=\"1200\" srcset=\"https:\/\/agora.xtec.cat\/iesalella\/wp-content\/uploads\/usu119\/2023\/04\/IMG-20230418-WA0013.jpg 1600w, https:\/\/agora.xtec.cat\/iesalella\/wp-content\/uploads\/usu119\/2023\/04\/IMG-20230418-WA0013-300x225.jpg 300w, https:\/\/agora.xtec.cat\/iesalella\/wp-content\/uploads\/usu119\/2023\/04\/IMG-20230418-WA0013-1024x768.jpg 1024w, https:\/\/agora.xtec.cat\/iesalella\/wp-content\/uploads\/usu119\/2023\/04\/IMG-20230418-WA0013-768x576.jpg 768w, https:\/\/agora.xtec.cat\/iesalella\/wp-content\/uploads\/usu119\/2023\/04\/IMG-20230418-WA0013-1536x1152.jpg 1536w, https:\/\/agora.xtec.cat\/iesalella\/wp-content\/uploads\/usu119\/2023\/04\/IMG-20230418-WA0013-200x150.jpg 200w\" sizes=\"auto, (max-width: 1600px) 100vw, 1600px\" \/><\/a><\/p>\n","protected":false},"excerpt":{"rendered":"<p>Del 18 al 20 d&#8217;abril, l&#8217;alumnat de 1r d&#8217;ESO de l&#8217;Institut d&#8217;Alella gaudeix d&#8217;unes col\u00f2nies inoblidables a Prades. Durant aquests dies, els alumnes combinen tasques educatives i de lleure, creant un ambient positiu propici per al creixement personal i l&#8217;enriquiment.<br \/>\nLes col\u00f2nies de Prades s\u00f3n una&hellip;  <a href=\"https:\/\/agora.xtec.cat\/iesalella\/estudis\/eso\/eso-1\/1r-eso-estada-a-prades\/\" title=\"Read L&#8217;alumnat de 1r d&#8217;ESO de l&#8217;Institut d&#8217;Alella gaudeix del treball de s\u00edntesi a Prades\">Llegeix m\u00e9s\u00bb<\/a><\/p>\n","protected":false},"author":1,"featured_media":8008,"comment_status":"closed","ping_status":"closed","sticky":false,"template":"","format":"standard","meta":{"_bbp_topic_count":0,"_bbp_reply_count":0,"_bbp_total_topic_count":0,"_bbp_total_reply_count":0,"_bbp_voice_count":0,"_bbp_anonymous_reply_count":0,"_bbp_topic_count_hidden":0,"_bbp_reply_count_hidden":0,"_bbp_forum_subforum_count":0,"footnotes":""},"categories":[4,29],"tags":[173,174,175,152],"class_list":["post-8006","post","type-post","status-publish","format-standard","has-post-thumbnail","hentry","category-eso-1","category-portada","tag-1r-eso","tag-colonies","tag-prades","tag-treball-de-sintesi"],"post_mailing_queue_ids":[],"_links":{"self":[{"href":"https:\/\/agora.xtec.cat\/iesalella\/wp-json\/wp\/v2\/posts\/8006","targetHints":{"allow":["GET"]}}],"collection":[{"href":"https:\/\/agora.xtec.cat\/iesalella\/wp-json\/wp\/v2\/posts"}],"about":[{"href":"https:\/\/agora.xtec.cat\/iesalella\/wp-json\/wp\/v2\/types\/post"}],"author":[{"embeddable":true,"href":"https:\/\/agora.xtec.cat\/iesalella\/wp-json\/wp\/v2\/users\/1"}],"replies":[{"embeddable":true,"href":"https:\/\/agora.xtec.cat\/iesalella\/wp-json\/wp\/v2\/comments?post=8006"}],"version-history":[{"count":3,"href":"https:\/\/agora.xtec.cat\/iesalella\/wp-json\/wp\/v2\/posts\/8006\/revisions"}],"predecessor-version":[{"id":8025,"href":"https:\/\/agora.xtec.cat\/iesalella\/wp-json\/wp\/v2\/posts\/8006\/revisions\/8025"}],"wp:featuredmedia":[{"embeddable":true,"href":"https:\/\/agora.xtec.cat\/iesalella\/wp-json\/wp\/v2\/media\/8008"}],"wp:attachment":[{"href":"https:\/\/agora.xtec.cat\/iesalella\/wp-json\/wp\/v2\/media?parent=8006"}],"wp:term":[{"taxonomy":"category","embeddable":true,"href":"https:\/\/agora.xtec.cat\/iesalella\/wp-json\/wp\/v2\/categories?post=8006"},{"taxonomy":"post_tag","embeddable":true,"href":"https:\/\/agora.xtec.cat\/iesalella\/wp-json\/wp\/v2\/tags?post=8006"}],"curies":[{"name":"wp","href":"https:\/\/api.w.org\/{rel}","templated":true}]}}