{"id":7772,"date":"2023-03-01T21:29:13","date_gmt":"2023-03-01T20:29:13","guid":{"rendered":"https:\/\/agora.xtec.cat\/iesalella\/?p=7772"},"modified":"2023-03-01T21:29:13","modified_gmt":"2023-03-01T20:29:13","slug":"sortida-de-3r-deso-al-parc-de-la-seralada-litoral","status":"publish","type":"post","link":"https:\/\/agora.xtec.cat\/iesalella\/general\/sortida-de-3r-deso-al-parc-de-la-seralada-litoral\/","title":{"rendered":"Sortida de 3r d\u2019ESO al Parc de la Seralada Litoral"},"content":{"rendered":"<p>Jornada de cohesi\u00f3 a 3r d\u2019ESO, gaudint d&#8217;una bona caminada pel Parc de la Serralada Litoral. El sol que ens ha acompanyat tota la jornada ens ha ajudat a pair millor l\u2019aire fred de bon mat\u00ed. #Educaci\u00f3F\u00edsica #3rESO #insalella<\/p>\n<p><a href=\"https:\/\/agora.xtec.cat\/iesalella\/wp-content\/uploads\/usu119\/2023\/03\/6B1CC661-2D55-46F2-BEEF-5041225E658F.jpeg\"><img loading=\"lazy\" decoding=\"async\" class=\"aligncenter size-full wp-image-7773\" src=\"https:\/\/agora.xtec.cat\/iesalella\/wp-content\/uploads\/usu119\/2023\/03\/6B1CC661-2D55-46F2-BEEF-5041225E658F.jpeg\" alt=\"\" width=\"750\" height=\"565\" srcset=\"https:\/\/agora.xtec.cat\/iesalella\/wp-content\/uploads\/usu119\/2023\/03\/6B1CC661-2D55-46F2-BEEF-5041225E658F.jpeg 750w, https:\/\/agora.xtec.cat\/iesalella\/wp-content\/uploads\/usu119\/2023\/03\/6B1CC661-2D55-46F2-BEEF-5041225E658F-300x226.jpeg 300w, https:\/\/agora.xtec.cat\/iesalella\/wp-content\/uploads\/usu119\/2023\/03\/6B1CC661-2D55-46F2-BEEF-5041225E658F-200x150.jpeg 200w\" sizes=\"auto, (max-width: 750px) 100vw, 750px\" \/><\/a> <a href=\"https:\/\/agora.xtec.cat\/iesalella\/wp-content\/uploads\/usu119\/2023\/03\/9AD7F9B7-5810-44F2-AE67-207E52B6389B.jpeg\"><img loading=\"lazy\" decoding=\"async\" class=\"aligncenter size-full wp-image-7774\" src=\"https:\/\/agora.xtec.cat\/iesalella\/wp-content\/uploads\/usu119\/2023\/03\/9AD7F9B7-5810-44F2-AE67-207E52B6389B.jpeg\" alt=\"\" width=\"750\" height=\"558\" srcset=\"https:\/\/agora.xtec.cat\/iesalella\/wp-content\/uploads\/usu119\/2023\/03\/9AD7F9B7-5810-44F2-AE67-207E52B6389B.jpeg 750w, https:\/\/agora.xtec.cat\/iesalella\/wp-content\/uploads\/usu119\/2023\/03\/9AD7F9B7-5810-44F2-AE67-207E52B6389B-300x223.jpeg 300w, https:\/\/agora.xtec.cat\/iesalella\/wp-content\/uploads\/usu119\/2023\/03\/9AD7F9B7-5810-44F2-AE67-207E52B6389B-200x150.jpeg 200w\" sizes=\"auto, (max-width: 750px) 100vw, 750px\" \/><\/a> <a href=\"https:\/\/agora.xtec.cat\/iesalella\/wp-content\/uploads\/usu119\/2023\/03\/D03B1516-AEB9-45F2-A566-1DF59F5728B4.jpeg\"><img loading=\"lazy\" decoding=\"async\" class=\"aligncenter size-full wp-image-7775\" src=\"https:\/\/agora.xtec.cat\/iesalella\/wp-content\/uploads\/usu119\/2023\/03\/D03B1516-AEB9-45F2-A566-1DF59F5728B4.jpeg\" alt=\"\" width=\"750\" height=\"561\" srcset=\"https:\/\/agora.xtec.cat\/iesalella\/wp-content\/uploads\/usu119\/2023\/03\/D03B1516-AEB9-45F2-A566-1DF59F5728B4.jpeg 750w, https:\/\/agora.xtec.cat\/iesalella\/wp-content\/uploads\/usu119\/2023\/03\/D03B1516-AEB9-45F2-A566-1DF59F5728B4-300x224.jpeg 300w, https:\/\/agora.xtec.cat\/iesalella\/wp-content\/uploads\/usu119\/2023\/03\/D03B1516-AEB9-45F2-A566-1DF59F5728B4-200x150.jpeg 200w\" sizes=\"auto, (max-width: 750px) 100vw, 750px\" \/><\/a> <a href=\"https:\/\/agora.xtec.cat\/iesalella\/wp-content\/uploads\/usu119\/2023\/03\/75823215-C754-4626-A068-3BCA14C55852.jpeg\"><img loading=\"lazy\" decoding=\"async\" class=\"aligncenter size-full wp-image-7776\" src=\"https:\/\/agora.xtec.cat\/iesalella\/wp-content\/uploads\/usu119\/2023\/03\/75823215-C754-4626-A068-3BCA14C55852.jpeg\" alt=\"\" width=\"750\" height=\"560\" srcset=\"https:\/\/agora.xtec.cat\/iesalella\/wp-content\/uploads\/usu119\/2023\/03\/75823215-C754-4626-A068-3BCA14C55852.jpeg 750w, https:\/\/agora.xtec.cat\/iesalella\/wp-content\/uploads\/usu119\/2023\/03\/75823215-C754-4626-A068-3BCA14C55852-300x224.jpeg 300w, https:\/\/agora.xtec.cat\/iesalella\/wp-content\/uploads\/usu119\/2023\/03\/75823215-C754-4626-A068-3BCA14C55852-200x150.jpeg 200w\" sizes=\"auto, (max-width: 750px) 100vw, 750px\" \/><\/a><\/p>\n","protected":false},"excerpt":{"rendered":"<p>Jornada de cohesi\u00f3 a 3r d\u2019ESO, gaudint d&#8217;una bona caminada pel Parc de la Serralada Litoral. El sol que ens ha acompanyat tota la jornada ens ha ajudat a pair millor l\u2019aire fred de bon mat\u00ed. #Educaci\u00f3F\u00edsica #3rESO #insalella<br \/>\n<a href=\"https:\/\/agora.xtec.cat\/iesalella\/wp-content\/uploads\/usu119\/2023\/03\/6B1CC661-2D55-46F2-BEEF-5041225E658F.jpeg\"><\/a> <a href=\"https:\/\/agora.xtec.cat\/iesalella\/wp-content\/uploads\/usu119\/2023\/03\/9AD7F9B7-5810-44F2-AE67-207E52B6389B.jpeg\"><\/a> <a href=\"https:\/\/agora.xtec.cat\/iesalella\/wp-content\/uploads\/usu119\/2023\/03\/D03B1516-AEB9-45F2-A566-1DF59F5728B4.jpeg\"><\/a> <a&hellip;  <a href=\"https:\/\/agora.xtec.cat\/iesalella\/general\/sortida-de-3r-deso-al-parc-de-la-seralada-litoral\/\" title=\"Read Sortida de 3r d\u2019ESO al Parc de la Seralada Litoral\">Llegeix m\u00e9s\u00bb<\/a><\/p>\n","protected":false},"author":1,"featured_media":7773,"comment_status":"closed","ping_status":"closed","sticky":false,"template":"","format":"standard","meta":{"_bbp_topic_count":0,"_bbp_reply_count":0,"_bbp_total_topic_count":0,"_bbp_total_reply_count":0,"_bbp_voice_count":0,"_bbp_anonymous_reply_count":0,"_bbp_topic_count_hidden":0,"_bbp_reply_count_hidden":0,"_bbp_forum_subforum_count":0,"footnotes":""},"categories":[6,1,29],"tags":[],"class_list":["post-7772","post","type-post","status-publish","format-standard","has-post-thumbnail","hentry","category-eso-3","category-general","category-portada"],"post_mailing_queue_ids":[],"_links":{"self":[{"href":"https:\/\/agora.xtec.cat\/iesalella\/wp-json\/wp\/v2\/posts\/7772","targetHints":{"allow":["GET"]}}],"collection":[{"href":"https:\/\/agora.xtec.cat\/iesalella\/wp-json\/wp\/v2\/posts"}],"about":[{"href":"https:\/\/agora.xtec.cat\/iesalella\/wp-json\/wp\/v2\/types\/post"}],"author":[{"embeddable":true,"href":"https:\/\/agora.xtec.cat\/iesalella\/wp-json\/wp\/v2\/users\/1"}],"replies":[{"embeddable":true,"href":"https:\/\/agora.xtec.cat\/iesalella\/wp-json\/wp\/v2\/comments?post=7772"}],"version-history":[{"count":1,"href":"https:\/\/agora.xtec.cat\/iesalella\/wp-json\/wp\/v2\/posts\/7772\/revisions"}],"predecessor-version":[{"id":7778,"href":"https:\/\/agora.xtec.cat\/iesalella\/wp-json\/wp\/v2\/posts\/7772\/revisions\/7778"}],"wp:featuredmedia":[{"embeddable":true,"href":"https:\/\/agora.xtec.cat\/iesalella\/wp-json\/wp\/v2\/media\/7773"}],"wp:attachment":[{"href":"https:\/\/agora.xtec.cat\/iesalella\/wp-json\/wp\/v2\/media?parent=7772"}],"wp:term":[{"taxonomy":"category","embeddable":true,"href":"https:\/\/agora.xtec.cat\/iesalella\/wp-json\/wp\/v2\/categories?post=7772"},{"taxonomy":"post_tag","embeddable":true,"href":"https:\/\/agora.xtec.cat\/iesalella\/wp-json\/wp\/v2\/tags?post=7772"}],"curies":[{"name":"wp","href":"https:\/\/api.w.org\/{rel}","templated":true}]}}