{"id":7752,"date":"2023-02-28T09:43:32","date_gmt":"2023-02-28T08:43:32","guid":{"rendered":"https:\/\/agora.xtec.cat\/iesalella\/?p=7752"},"modified":"2023-09-12T08:52:05","modified_gmt":"2023-09-12T06:52:05","slug":"preinscripcio-2023-24-tota-la-informacio","status":"publish","type":"post","link":"https:\/\/agora.xtec.cat\/iesalella\/portada\/preinscripcio-2023-24-tota-la-informacio\/","title":{"rendered":"Preinscripci\u00f3 2023-24. Tota la informaci\u00f3"},"content":{"rendered":"<p>Aqu\u00ed trobareu tota la informaci\u00f3 del proc\u00e9s de preinscripci\u00f3 i matr\u00edcula per tots els estudis que ofereix el centre.<\/p>\n<p><a href=\"https:\/\/agora.xtec.cat\/iesalella\/pagines-dinici\/pagina-dinici-buida\/preinscripcio-2023-24\/\" target=\"_blank\" rel=\"noopener\">Enlla\u00e7 a m\u00e9s informaci\u00f3<\/a><\/p>\n<p>INFORMACIONS IMPORTANTS<\/p>\n<p><strong><span style=\"color: #ff0000;\">ESO.<\/span><\/strong> Alumnat amb<strong> continu\u00eftat<\/strong> al centre: <strong>del 12 al 18 d\u2019abril.<\/strong><\/p>\n<p><strong>NOU: <\/strong>Alumnes preinscrits al centre 12\/06\/2023 <a href=\"https:\/\/agora.xtec.cat\/iesalella\/wp-content\/uploads\/usu119\/2023\/06\/INFORME_PREINSCRITES_OME_INFORME_PREINSCRITES_OME.pdf\">INFORME_PREINSCRITES_OME_INFORME_PREINSCRITES_OME<\/a><\/p>\n<p><strong>NOU<\/strong>: Alumnes assignats al centre amb indicaci\u00f3 de la primera petici\u00f3 a 12\/06\/2023 <a href=\"https:\/\/agora.xtec.cat\/iesalella\/wp-content\/uploads\/usu119\/2023\/02\/INFORME_ASSIGNADES_INFORME_ASSIGNADES-1.pdf\" target=\"_blank\" rel=\"noopener\">INFORME_ASSIGNADES_INFORME_ASSIGNADES<\/a><\/p>\n<p><strong>NOU:<\/strong> Publicaci\u00f3 de la llista d&#8217;espera del centre a 12\/06\/2023 <a href=\"https:\/\/agora.xtec.cat\/iesalella\/wp-content\/uploads\/usu119\/2023\/02\/INFORME_LLISTA_ESPERA_OME_LLISTA_ESPERA-1.pdf\">INFORME_LLISTA_ESPERA_OME_LLISTA_ESPERA<\/a><\/p>\n<p><strong><span style=\"color: #ff0000;\">Batxillerat<\/span><\/strong>.<\/p>\n<p><strong>NOU!<\/strong> 21\/06\/2023 Publicaci\u00f3 de les llistes seg\u00fcents:<\/p>\n<ul>\n<li><a href=\"https:\/\/agora.xtec.cat\/iesalella\/wp-content\/uploads\/usu119\/2023\/02\/INFORME_ASSIGNADES_BATX.pdf\">Llista d&#8217;admesos<\/a><\/li>\n<li><a href=\"https:\/\/agora.xtec.cat\/iesalella\/wp-content\/uploads\/usu119\/2023\/02\/INFORME_LLISTA_ESPERA_BATX.pdf\">Llista d&#8217;espera<\/a><\/li>\n<li><a href=\"https:\/\/agora.xtec.cat\/iesalella\/wp-content\/uploads\/usu119\/2023\/02\/INFORME_PREINSCRITES_OME_BATX.pdf\">Llista de preinscrits totals<\/a><\/li>\n<\/ul>\n<p>Batxillerat &#8211; 2023-2024 Publicaci\u00f3 de l&#8217;<strong>oferta definitiva de places<\/strong> <a href=\"https:\/\/agora.xtec.cat\/iesalella\/wp-content\/uploads\/usu119\/2023\/02\/INFORME_OFERTA_DEFINITIVA_BATX.pdf\">INFORME_OFERTA_DEFINITIVA_BATX<\/a><\/p>\n<p>08\/06\/2023 Llista de <strong>sol\u00b7licituds que han demanat el centre i l&#8217;ensenyament en primera<\/strong><br \/>\n<strong>petici\u00f3 ordenada<\/strong> <a href=\"https:\/\/agora.xtec.cat\/iesalella\/wp-content\/uploads\/usu119\/2023\/02\/INFORME_BAREM_DEFINITIU_BATX.pdf\" target=\"_blank\" rel=\"noopener\">INFORME_BAREM_DEFINITIU_BATX<\/a><\/p>\n<p><strong>ALUMNAT AMB CONTINUITAT AL CENTRE:<\/strong> <strong>del 12 al 18 d\u2019abril.\u00a0<\/strong><\/p>\n<p><strong>ALUMNAT NOU<\/strong>: <strong>del 19 al 25 d\u2019abril<\/strong><strong>.\u00a0<\/strong><\/p>\n<p><strong>Curr\u00edculum de batxillerat<\/strong>.<a href=\"https:\/\/agora.xtec.cat\/iesalella\/batxillerat-2\/\" target=\"_blank\" rel=\"noopener\"> Disponible aqu\u00ed.<\/a><\/p>\n<p><strong><span style=\"color: #ff0000;\">CFGM.<\/span><\/strong><\/p>\n<p><strong>NOU!<\/strong> CFGM &#8211; 23-24 &#8211; Cicles de grau mitj\u00e0 de formaci\u00f3 professional. Segona fase d&#8217;admissi\u00f3. Publicaci\u00f3 de vacants a 24\/07\/2023 <a href=\"https:\/\/agora.xtec.cat\/iesalella\/wp-content\/uploads\/usu119\/2023\/02\/INFORME_VACANTS_CFGM_2A_FASE.pdf\">INFORME_VACANTS_CFGM_2A_FASE<\/a><\/p>\n<p>Preinscripci\u00f3<strong>. <a href=\"https:\/\/agora.xtec.cat\/iesalella\/pagines-dinici\/pagina-dinici-buida\/preinscripcio-2023-24\/\" target=\"_blank\" rel=\"noopener\">ENLLA\u00c7<\/a><\/strong><\/p>\n<p><strong><span style=\"color: #ff0000;\">CFGS. <\/span><\/strong>Alumnat amb <strong>continu\u00eftat<\/strong> al centre: <strong>del 12 al 18 d\u2019abril<\/strong><\/p>\n<p>CFPS 23-24 &#8211; Cicles de grau superior de formaci\u00f3 professional<\/p>\n<p><strong>ALUMNAT NOU<\/strong>: <strong>del 26 de maig a l\u20191 de juny.<\/strong><\/p>\n<p><strong>NOU! &#8211; Cicles de grau superior de formaci\u00f3 professional.Alumnes preinscrits al centre 18\/07\/2023.<a href=\"https:\/\/agora.xtec.cat\/iesalella\/wp-content\/uploads\/usu119\/2023\/02\/INFORME_PREINSCRITES_CFGS.pdf\">INFORME_PREINSCRITES_CFGS<\/a><\/strong><\/p>\n<p><strong>NOU! Cicles de grau superior de formaci\u00f3 professional. Alumnes assignats al centre amb indicaci\u00f3 de la primera petici\u00f3 a 18\/07\/2023. <a href=\"https:\/\/agora.xtec.cat\/iesalella\/wp-content\/uploads\/usu119\/2023\/02\/INFORME_ASSIGNADES_CFGS.pdf\">INFORME_ASSIGNADES_CFGS<\/a><\/strong><\/p>\n<p><span style=\"color: #ff0000;\"><strong>PFI. <\/strong><\/span>Presentaci\u00f3 de sol\u00b7licituds. <strong>Del 2 al 12 de maig. Cal demanar cita pr\u00e8via a l&#8217;enlla\u00e7 seg\u00fcent: <a href=\"https:\/\/aplicacions.gestioeducativa.gencat.cat\/pls\/apex\/f?p=CITA_PREVIA:4::::4:P4_TIPUS_CALENDARI,P4_DOMINI:01_PFI,08046785\">enlla\u00e7<\/a><\/strong><\/p>\n<p>Oferta inicial <a href=\"https:\/\/agora.xtec.cat\/iesalella\/wp-content\/uploads\/usu119\/2023\/02\/Oferta-inicial-PFI.pdf\">Oferta inicial PFI<\/a><\/p>\n<p><b><a href=\"https:\/\/preinscripcio.gencat.cat\/ca\/estudis\/pfi\/preinscriute\/sollicitud\/\" target=\"_blank\" rel=\"noopener\" data-saferedirecturl=\"https:\/\/www.google.com\/url?q=https:\/\/preinscripcio.gencat.cat\/ca\/estudis\/pfi\/preinscriute\/sollicitud\/&amp;source=gmail&amp;ust=1683201008027000&amp;usg=AOvVaw03KJ3jW2nIFRJk8WkXUkmo\">enlla\u00e7<\/a>\u00a0on consultar tota la informaci\u00f3 de la preinscripci\u00f3 als PFI.<\/b><\/p>\n<p><strong>NOU! <\/strong>OFERTA D&#8217;ENSENYAMENTS. CURS 2023\/2024. <a href=\"https:\/\/agora.xtec.cat\/iesalella\/wp-content\/uploads\/usu119\/2023\/02\/Oferta-definitiva-PFI.pdf\">Oferta definitiva PFI<\/a><\/p>\n<p><strong>NOU! <\/strong>Relaci\u00f3 d&#8217;alumnes admesos al centre. <a href=\"https:\/\/agora.xtec.cat\/iesalella\/wp-content\/uploads\/usu119\/2023\/02\/Llistat-admesos-1.pdf\">Llistat admesos<\/a><\/p>\n<p><strong>NOU! <\/strong>Relaci\u00f3 d&#8217;alumnes preinscrits al centre, amb indicaci\u00f3 d&#8217;on han estat admesos. <a href=\"https:\/\/agora.xtec.cat\/iesalella\/wp-content\/uploads\/usu119\/2023\/02\/Llistat-alumnes-preinscrits-i-centre-assignat-2.pdf\">Llistat alumnes preinscrits i centre assignat<\/a><\/p>\n","protected":false},"excerpt":{"rendered":"<p>Aqu\u00ed trobareu tota la informaci\u00f3 del proc\u00e9s de preinscripci\u00f3 i matr\u00edcula per tots els estudis que ofereix el centre.<br \/>\n<a href=\"https:\/\/agora.xtec.cat\/iesalella\/pagines-dinici\/pagina-dinici-buida\/preinscripcio-2023-24\/\" target=\"_blank\" rel=\"noopener\">Enlla\u00e7 a m\u00e9s informaci\u00f3<\/a><br \/>\nINFORMACIONS IMPORTANTS<br \/>\nESO. Alumnat amb continu\u00eftat al centre: del 12 al 18 d\u2019abril.<br \/>\nNOU: Alumnes preinscrits al centre 12\/06\/2023 <a href=\"https:\/\/agora.xtec.cat\/iesalella\/wp-content\/uploads\/usu119\/2023\/06\/INFORME_PREINSCRITES_OME_INFORME_PREINSCRITES_OME.pdf\">INFORME_PREINSCRITES_OME_INFORME_PREINSCRITES_OME<\/a><br \/>\nNOU: Alumnes assignats&hellip;  <a href=\"https:\/\/agora.xtec.cat\/iesalella\/portada\/preinscripcio-2023-24-tota-la-informacio\/\" title=\"Read Preinscripci\u00f3 2023-24. Tota la informaci\u00f3\">Llegeix m\u00e9s\u00bb<\/a><\/p>\n","protected":false},"author":1,"featured_media":7758,"comment_status":"closed","ping_status":"closed","sticky":false,"template":"","format":"standard","meta":{"_bbp_topic_count":0,"_bbp_reply_count":0,"_bbp_total_topic_count":0,"_bbp_total_reply_count":0,"_bbp_voice_count":0,"_bbp_anonymous_reply_count":0,"_bbp_topic_count_hidden":0,"_bbp_reply_count_hidden":0,"_bbp_forum_subforum_count":0,"footnotes":""},"categories":[29],"tags":[183,165,184,169,182,162],"class_list":["post-7752","post","type-post","status-publish","format-standard","has-post-thumbnail","hentry","category-portada","tag-batxillerat","tag-cfgm","tag-cfgs","tag-eso","tag-pfi","tag-preinscripcio"],"post_mailing_queue_ids":[],"_links":{"self":[{"href":"https:\/\/agora.xtec.cat\/iesalella\/wp-json\/wp\/v2\/posts\/7752","targetHints":{"allow":["GET"]}}],"collection":[{"href":"https:\/\/agora.xtec.cat\/iesalella\/wp-json\/wp\/v2\/posts"}],"about":[{"href":"https:\/\/agora.xtec.cat\/iesalella\/wp-json\/wp\/v2\/types\/post"}],"author":[{"embeddable":true,"href":"https:\/\/agora.xtec.cat\/iesalella\/wp-json\/wp\/v2\/users\/1"}],"replies":[{"embeddable":true,"href":"https:\/\/agora.xtec.cat\/iesalella\/wp-json\/wp\/v2\/comments?post=7752"}],"version-history":[{"count":4,"href":"https:\/\/agora.xtec.cat\/iesalella\/wp-json\/wp\/v2\/posts\/7752\/revisions"}],"predecessor-version":[{"id":8344,"href":"https:\/\/agora.xtec.cat\/iesalella\/wp-json\/wp\/v2\/posts\/7752\/revisions\/8344"}],"wp:featuredmedia":[{"embeddable":true,"href":"https:\/\/agora.xtec.cat\/iesalella\/wp-json\/wp\/v2\/media\/7758"}],"wp:attachment":[{"href":"https:\/\/agora.xtec.cat\/iesalella\/wp-json\/wp\/v2\/media?parent=7752"}],"wp:term":[{"taxonomy":"category","embeddable":true,"href":"https:\/\/agora.xtec.cat\/iesalella\/wp-json\/wp\/v2\/categories?post=7752"},{"taxonomy":"post_tag","embeddable":true,"href":"https:\/\/agora.xtec.cat\/iesalella\/wp-json\/wp\/v2\/tags?post=7752"}],"curies":[{"name":"wp","href":"https:\/\/api.w.org\/{rel}","templated":true}]}}