{"id":7743,"date":"2023-02-28T09:09:40","date_gmt":"2023-02-28T08:09:40","guid":{"rendered":"https:\/\/agora.xtec.cat\/iesalella\/?p=7743"},"modified":"2023-02-28T09:22:11","modified_gmt":"2023-02-28T08:22:11","slug":"parlem-deducacio-comprensio-i-prevencio-dels-trastrons-alimentaris","status":"publish","type":"post","link":"https:\/\/agora.xtec.cat\/iesalella\/portada\/parlem-deducacio-comprensio-i-prevencio-dels-trastrons-alimentaris\/","title":{"rendered":"Parlem d\u2019educaci\u00f3. Comprensi\u00f3 i prevenci\u00f3 dels trastrons alimentaris."},"content":{"rendered":"<p>Dilluns 13 de mar\u00e7 de 2023, a les 18h.<br \/>\nXerrada a c\u00e0rrec de M\u00edriam S\u00e0nchez Pellis\u00e9, psic\u00f2loga i directora de desenvolupament a ITA especialistes en salut mental.<\/p>\n<p>Gratu\u00eft. Cal inscripci\u00f3 pr\u00e8via a: <a href=\"http:\/\/alella.cat\/parlemeducacio\" target=\"_blank\" rel=\"noopener\">alella.cat\/parlemeducacio<\/a><\/p>\n<p>Organitza: Ajuntament d&#8217;Alella, AFA Els Pinyons,\u00a0 AFA La Serreta, AFA Escola Fabra, AFA INS Alella.<\/p>\n<p>Amb el suport de: ITA i Diputaci\u00f3 de Barcelona.<\/p>\n<p><a href=\"https:\/\/agora.xtec.cat\/iesalella\/wp-content\/uploads\/usu119\/2023\/02\/DB280D80-95B6-45C0-9E25-CEE98855BB9B.jpeg\"><img loading=\"lazy\" decoding=\"async\" class=\"aligncenter size-full wp-image-7744\" src=\"https:\/\/agora.xtec.cat\/iesalella\/wp-content\/uploads\/usu119\/2023\/02\/DB280D80-95B6-45C0-9E25-CEE98855BB9B.jpeg\" alt=\"\" width=\"750\" height=\"1022\" srcset=\"https:\/\/agora.xtec.cat\/iesalella\/wp-content\/uploads\/usu119\/2023\/02\/DB280D80-95B6-45C0-9E25-CEE98855BB9B.jpeg 750w, https:\/\/agora.xtec.cat\/iesalella\/wp-content\/uploads\/usu119\/2023\/02\/DB280D80-95B6-45C0-9E25-CEE98855BB9B-220x300.jpeg 220w\" sizes=\"auto, (max-width: 750px) 100vw, 750px\" \/><\/a><\/p>\n<p>&nbsp;<\/p>\n","protected":false},"excerpt":{"rendered":"<p>Dilluns 13 de mar\u00e7 de 2023, a les 18h.<br \/>\nXerrada a c\u00e0rrec de M\u00edriam S\u00e0nchez Pellis\u00e9, psic\u00f2loga i directora de desenvolupament a ITA especialistes en salut mental.<br \/>\nGratu\u00eft. Cal inscripci\u00f3 pr\u00e8via a: <a href=\"http:\/\/alella.cat\/parlemeducacio\" target=\"_blank\" rel=\"noopener\">alella.cat\/parlemeducacio<\/a><br \/>\nOrganitza: Ajuntament d&#8217;Alella, AFA Els Pinyons,\u00a0 AFA La Serreta, AFA Escola Fabra,&hellip;  <a href=\"https:\/\/agora.xtec.cat\/iesalella\/portada\/parlem-deducacio-comprensio-i-prevencio-dels-trastrons-alimentaris\/\" title=\"Read Parlem d\u2019educaci\u00f3. Comprensi\u00f3 i prevenci\u00f3 dels trastrons alimentaris.\">Llegeix m\u00e9s\u00bb<\/a><\/p>\n","protected":false},"author":1,"featured_media":7744,"comment_status":"closed","ping_status":"closed","sticky":false,"template":"","format":"standard","meta":{"_bbp_topic_count":0,"_bbp_reply_count":0,"_bbp_total_topic_count":0,"_bbp_total_reply_count":0,"_bbp_voice_count":0,"_bbp_anonymous_reply_count":0,"_bbp_topic_count_hidden":0,"_bbp_reply_count_hidden":0,"_bbp_forum_subforum_count":0,"footnotes":""},"categories":[116,141,29],"tags":[],"class_list":["post-7743","post","type-post","status-publish","format-standard","has-post-thumbnail","hentry","category-activitats","category-cursos-i-tallers","category-portada"],"post_mailing_queue_ids":[],"_links":{"self":[{"href":"https:\/\/agora.xtec.cat\/iesalella\/wp-json\/wp\/v2\/posts\/7743","targetHints":{"allow":["GET"]}}],"collection":[{"href":"https:\/\/agora.xtec.cat\/iesalella\/wp-json\/wp\/v2\/posts"}],"about":[{"href":"https:\/\/agora.xtec.cat\/iesalella\/wp-json\/wp\/v2\/types\/post"}],"author":[{"embeddable":true,"href":"https:\/\/agora.xtec.cat\/iesalella\/wp-json\/wp\/v2\/users\/1"}],"replies":[{"embeddable":true,"href":"https:\/\/agora.xtec.cat\/iesalella\/wp-json\/wp\/v2\/comments?post=7743"}],"version-history":[{"count":2,"href":"https:\/\/agora.xtec.cat\/iesalella\/wp-json\/wp\/v2\/posts\/7743\/revisions"}],"predecessor-version":[{"id":7746,"href":"https:\/\/agora.xtec.cat\/iesalella\/wp-json\/wp\/v2\/posts\/7743\/revisions\/7746"}],"wp:featuredmedia":[{"embeddable":true,"href":"https:\/\/agora.xtec.cat\/iesalella\/wp-json\/wp\/v2\/media\/7744"}],"wp:attachment":[{"href":"https:\/\/agora.xtec.cat\/iesalella\/wp-json\/wp\/v2\/media?parent=7743"}],"wp:term":[{"taxonomy":"category","embeddable":true,"href":"https:\/\/agora.xtec.cat\/iesalella\/wp-json\/wp\/v2\/categories?post=7743"},{"taxonomy":"post_tag","embeddable":true,"href":"https:\/\/agora.xtec.cat\/iesalella\/wp-json\/wp\/v2\/tags?post=7743"}],"curies":[{"name":"wp","href":"https:\/\/api.w.org\/{rel}","templated":true}]}}