{"id":7548,"date":"2023-01-19T13:46:56","date_gmt":"2023-01-19T12:46:56","guid":{"rendered":"https:\/\/agora.xtec.cat\/iesalella\/?p=7548"},"modified":"2023-03-22T21:43:42","modified_gmt":"2023-03-22T20:43:42","slug":"jornades-de-portes-obertes-2023","status":"publish","type":"post","link":"https:\/\/agora.xtec.cat\/iesalella\/portada\/jornades-de-portes-obertes-2023\/","title":{"rendered":"Jornada de Portes Obertes de Batxillerat i Cicles Formatius."},"content":{"rendered":"<p><strong>Us podeu inscriure en el seg\u00fcent<\/strong> <a href=\"https:\/\/forms.gle\/LjM8kmWxx1r81Mqu9\" target=\"_blank\" rel=\"noopener\">ENLLA\u00c7<\/a>.<\/p>\n<p>El proper<strong> dimecres 22 de mar\u00e7 <\/strong>tindr\u00e0 lloc a l&#8217;institut la <strong>Jornada de Portes Obertes<\/strong> de<strong> Batxillerat i Cicles formatius.\u00a0<\/strong>Esteu convidades totes aquelles fam\u00edlies que vulgueu con\u00e8ixer el nostre centre. Aquesta jornada comen\u00e7ar\u00e0 a les <strong>17:30h<\/strong>\u00a0i es faran\u00a0recorreguts guiats pel centre.<\/p>\n<p><a href=\"https:\/\/agora.xtec.cat\/iesalella\/wp-content\/uploads\/usu119\/2023\/01\/Azul-Oscuro-Naranja-Colorido-Casas-Puertas-Abiertas-Invitacion-Tamano-original.jpg\"><img loading=\"lazy\" decoding=\"async\" class=\"aligncenter size-full wp-image-7735\" src=\"https:\/\/agora.xtec.cat\/iesalella\/wp-content\/uploads\/usu119\/2023\/01\/Azul-Oscuro-Naranja-Colorido-Casas-Puertas-Abiertas-Invitacion-Tamano-original.jpg\" alt=\"\" width=\"1654\" height=\"1654\" srcset=\"https:\/\/agora.xtec.cat\/iesalella\/wp-content\/uploads\/usu119\/2023\/01\/Azul-Oscuro-Naranja-Colorido-Casas-Puertas-Abiertas-Invitacion-Tamano-original.jpg 1654w, https:\/\/agora.xtec.cat\/iesalella\/wp-content\/uploads\/usu119\/2023\/01\/Azul-Oscuro-Naranja-Colorido-Casas-Puertas-Abiertas-Invitacion-Tamano-original-300x300.jpg 300w, https:\/\/agora.xtec.cat\/iesalella\/wp-content\/uploads\/usu119\/2023\/01\/Azul-Oscuro-Naranja-Colorido-Casas-Puertas-Abiertas-Invitacion-Tamano-original-1024x1024.jpg 1024w, https:\/\/agora.xtec.cat\/iesalella\/wp-content\/uploads\/usu119\/2023\/01\/Azul-Oscuro-Naranja-Colorido-Casas-Puertas-Abiertas-Invitacion-Tamano-original-150x150.jpg 150w, https:\/\/agora.xtec.cat\/iesalella\/wp-content\/uploads\/usu119\/2023\/01\/Azul-Oscuro-Naranja-Colorido-Casas-Puertas-Abiertas-Invitacion-Tamano-original-768x768.jpg 768w, https:\/\/agora.xtec.cat\/iesalella\/wp-content\/uploads\/usu119\/2023\/01\/Azul-Oscuro-Naranja-Colorido-Casas-Puertas-Abiertas-Invitacion-Tamano-original-1536x1536.jpg 1536w\" sizes=\"auto, (max-width: 1654px) 100vw, 1654px\" \/><\/a><\/p>\n<p>&nbsp;<\/p>\n","protected":false},"excerpt":{"rendered":"<p>Us podeu inscriure en el seg\u00fcent <a href=\"https:\/\/forms.gle\/LjM8kmWxx1r81Mqu9\" target=\"_blank\" rel=\"noopener\">ENLLA\u00c7<\/a>.<br \/>\nEl proper dimecres 22 de mar\u00e7 tindr\u00e0 lloc a l&#8217;institut la Jornada de Portes Obertes de Batxillerat i Cicles formatius.\u00a0Esteu convidades totes aquelles fam\u00edlies que vulgueu con\u00e8ixer el nostre centre. Aquesta jornada comen\u00e7ar\u00e0 a les 17:30h\u00a0i&hellip;  <a href=\"https:\/\/agora.xtec.cat\/iesalella\/portada\/jornades-de-portes-obertes-2023\/\" title=\"Read Jornada de Portes Obertes de Batxillerat i Cicles Formatius.\">Llegeix m\u00e9s\u00bb<\/a><\/p>\n","protected":false},"author":1,"featured_media":7735,"comment_status":"closed","ping_status":"closed","sticky":false,"template":"","format":"standard","meta":{"_bbp_topic_count":0,"_bbp_reply_count":0,"_bbp_total_topic_count":0,"_bbp_total_reply_count":0,"_bbp_voice_count":0,"_bbp_anonymous_reply_count":0,"_bbp_topic_count_hidden":0,"_bbp_reply_count_hidden":0,"_bbp_forum_subforum_count":0,"footnotes":""},"categories":[29],"tags":[],"class_list":["post-7548","post","type-post","status-publish","format-standard","has-post-thumbnail","hentry","category-portada"],"post_mailing_queue_ids":[],"_links":{"self":[{"href":"https:\/\/agora.xtec.cat\/iesalella\/wp-json\/wp\/v2\/posts\/7548","targetHints":{"allow":["GET"]}}],"collection":[{"href":"https:\/\/agora.xtec.cat\/iesalella\/wp-json\/wp\/v2\/posts"}],"about":[{"href":"https:\/\/agora.xtec.cat\/iesalella\/wp-json\/wp\/v2\/types\/post"}],"author":[{"embeddable":true,"href":"https:\/\/agora.xtec.cat\/iesalella\/wp-json\/wp\/v2\/users\/1"}],"replies":[{"embeddable":true,"href":"https:\/\/agora.xtec.cat\/iesalella\/wp-json\/wp\/v2\/comments?post=7548"}],"version-history":[{"count":4,"href":"https:\/\/agora.xtec.cat\/iesalella\/wp-json\/wp\/v2\/posts\/7548\/revisions"}],"predecessor-version":[{"id":7786,"href":"https:\/\/agora.xtec.cat\/iesalella\/wp-json\/wp\/v2\/posts\/7548\/revisions\/7786"}],"wp:featuredmedia":[{"embeddable":true,"href":"https:\/\/agora.xtec.cat\/iesalella\/wp-json\/wp\/v2\/media\/7735"}],"wp:attachment":[{"href":"https:\/\/agora.xtec.cat\/iesalella\/wp-json\/wp\/v2\/media?parent=7548"}],"wp:term":[{"taxonomy":"category","embeddable":true,"href":"https:\/\/agora.xtec.cat\/iesalella\/wp-json\/wp\/v2\/categories?post=7548"},{"taxonomy":"post_tag","embeddable":true,"href":"https:\/\/agora.xtec.cat\/iesalella\/wp-json\/wp\/v2\/tags?post=7548"}],"curies":[{"name":"wp","href":"https:\/\/api.w.org\/{rel}","templated":true}]}}