{"id":7503,"date":"2022-12-19T08:03:07","date_gmt":"2022-12-19T07:03:07","guid":{"rendered":"https:\/\/agora.xtec.cat\/iesalella\/?p=7503"},"modified":"2022-12-19T08:54:11","modified_gmt":"2022-12-19T07:54:11","slug":"educac-familia-i-pantalles","status":"publish","type":"post","link":"https:\/\/agora.xtec.cat\/iesalella\/portada\/educac-familia-i-pantalles\/","title":{"rendered":"EduCaC. Fam\u00edlia i pantalles"},"content":{"rendered":"<p class=\"text-align-justify\">Les fam\u00edlies i tota la comunitat educativa mostra preocupaci\u00f3 per l&#8217;\u00fas o l&#8217;ab\u00fas de les pantalles que fan nois i noies. Aquesta <i>hiperconnexi\u00f3<\/i><em>\u00a0<\/em>en la majoria de casos no \u00e9s patol\u00f2gica, per\u00f2 fora bo que ens planteg\u00e9ssim si nosaltres mateixos, els adults, tamb\u00e9 en patim, i quin model estem donant.<\/p>\n<p class=\"text-align-justify\">En aquesta secci\u00f3 del web de l&#8217;eduCAC trobareu recursos per a facilitar a mares i a pares un acostament al m\u00f3n digital dels seus fills des de l&#8217;acompanyament saludable, els l\u00edmits i els pactes. Han estat elaborats per l&#8217;equip eduCAC amb la doctora N\u00faria Aragay, psic\u00f2loga adjunta coordinadora de la Unitat d&#8217;Addiccions comportamentals del CST.<\/p>\n<p>M\u00e9s info: <a href=\"https:\/\/www.educac.cat\/families\/familia-i-pantalles\" target=\"_blank\" rel=\"noopener\">https:\/\/www.educac.cat\/families\/familia-i-pantalles<\/a><\/p>\n<p><a href=\"https:\/\/agora.xtec.cat\/iesalella\/wp-content\/uploads\/usu119\/2022\/12\/F230E9F1-ADF0-4E35-85F0-F5ECCFA05D24.jpeg\"><img loading=\"lazy\" decoding=\"async\" class=\"aligncenter size-full wp-image-7504\" src=\"https:\/\/agora.xtec.cat\/iesalella\/wp-content\/uploads\/usu119\/2022\/12\/F230E9F1-ADF0-4E35-85F0-F5ECCFA05D24.jpeg\" alt=\"\" width=\"719\" height=\"1014\" srcset=\"https:\/\/agora.xtec.cat\/iesalella\/wp-content\/uploads\/usu119\/2022\/12\/F230E9F1-ADF0-4E35-85F0-F5ECCFA05D24.jpeg 719w, https:\/\/agora.xtec.cat\/iesalella\/wp-content\/uploads\/usu119\/2022\/12\/F230E9F1-ADF0-4E35-85F0-F5ECCFA05D24-213x300.jpeg 213w\" sizes=\"auto, (max-width: 719px) 100vw, 719px\" \/><\/a><\/p>\n<p>&nbsp;<\/p>\n","protected":false},"excerpt":{"rendered":"<p>Les fam\u00edlies i tota la comunitat educativa mostra preocupaci\u00f3 per l&#8217;\u00fas o l&#8217;ab\u00fas de les pantalles que fan nois i noies. Aquesta hiperconnexi\u00f3\u00a0en la majoria de casos no \u00e9s patol\u00f2gica, per\u00f2 fora bo que ens planteg\u00e9ssim si nosaltres mateixos, els adults, tamb\u00e9 en patim, i&hellip;  <a href=\"https:\/\/agora.xtec.cat\/iesalella\/portada\/educac-familia-i-pantalles\/\" title=\"Read EduCaC. Fam\u00edlia i pantalles\">Llegeix m\u00e9s\u00bb<\/a><\/p>\n","protected":false},"author":1,"featured_media":7504,"comment_status":"open","ping_status":"closed","sticky":false,"template":"","format":"standard","meta":{"_bbp_topic_count":0,"_bbp_reply_count":0,"_bbp_total_topic_count":0,"_bbp_total_reply_count":0,"_bbp_voice_count":0,"_bbp_anonymous_reply_count":0,"_bbp_topic_count_hidden":0,"_bbp_reply_count_hidden":0,"_bbp_forum_subforum_count":0,"footnotes":""},"categories":[29],"tags":[],"class_list":["post-7503","post","type-post","status-publish","format-standard","has-post-thumbnail","hentry","category-portada"],"post_mailing_queue_ids":[],"_links":{"self":[{"href":"https:\/\/agora.xtec.cat\/iesalella\/wp-json\/wp\/v2\/posts\/7503","targetHints":{"allow":["GET"]}}],"collection":[{"href":"https:\/\/agora.xtec.cat\/iesalella\/wp-json\/wp\/v2\/posts"}],"about":[{"href":"https:\/\/agora.xtec.cat\/iesalella\/wp-json\/wp\/v2\/types\/post"}],"author":[{"embeddable":true,"href":"https:\/\/agora.xtec.cat\/iesalella\/wp-json\/wp\/v2\/users\/1"}],"replies":[{"embeddable":true,"href":"https:\/\/agora.xtec.cat\/iesalella\/wp-json\/wp\/v2\/comments?post=7503"}],"version-history":[{"count":2,"href":"https:\/\/agora.xtec.cat\/iesalella\/wp-json\/wp\/v2\/posts\/7503\/revisions"}],"predecessor-version":[{"id":7506,"href":"https:\/\/agora.xtec.cat\/iesalella\/wp-json\/wp\/v2\/posts\/7503\/revisions\/7506"}],"wp:featuredmedia":[{"embeddable":true,"href":"https:\/\/agora.xtec.cat\/iesalella\/wp-json\/wp\/v2\/media\/7504"}],"wp:attachment":[{"href":"https:\/\/agora.xtec.cat\/iesalella\/wp-json\/wp\/v2\/media?parent=7503"}],"wp:term":[{"taxonomy":"category","embeddable":true,"href":"https:\/\/agora.xtec.cat\/iesalella\/wp-json\/wp\/v2\/categories?post=7503"},{"taxonomy":"post_tag","embeddable":true,"href":"https:\/\/agora.xtec.cat\/iesalella\/wp-json\/wp\/v2\/tags?post=7503"}],"curies":[{"name":"wp","href":"https:\/\/api.w.org\/{rel}","templated":true}]}}