{"id":7498,"date":"2022-12-16T17:47:37","date_gmt":"2022-12-16T16:47:37","guid":{"rendered":"https:\/\/agora.xtec.cat\/iesalella\/?p=7498"},"modified":"2022-12-16T17:48:13","modified_gmt":"2022-12-16T16:48:13","slug":"3r-deso-al-museu-olimpic","status":"publish","type":"post","link":"https:\/\/agora.xtec.cat\/iesalella\/estudis\/eso\/eso-3\/3r-deso-al-museu-olimpic\/","title":{"rendered":"3r d\u2019ESO al Museu ol\u00edmpic"},"content":{"rendered":"<div>El passat 14 de desembre, l&#8217;alumnat de 3r d&#8217;Eso va anar d&#8217;excursi\u00f3 al Museu Ol\u00edmpic i de l&#8217;Esport.<\/div>\n<div>Aprofitant l&#8217;efem\u00e8ride dels 30 anys dels Jocs de Barcelona 92, es va voler donar a con\u00e8ixer aquest espai tant significatiu per l&#8217;esport i per a la ciutat.<\/div>\n<div>Van rec\u00f3rrer\u00a0els diferents espais del museu i ,tot seguit, van visitar equipaments utilitzats durant la competici\u00f3. Entre d&#8217;altres:<\/div>\n<div>-L&#8217;Estadi Ol\u00edmpic Llu\u00eds Companys.<\/div>\n<div>-Piscines Bernat Picornell.<\/div>\n<div>-L&#8217;Institut Nacional d&#8217;Educaci\u00f3 F\u00edsica (INEFC).<\/div>\n<div><\/div>\n<div>La valoraci\u00f3 de la sortida ha estat molt positiva per part del professor d&#8217;educaci\u00f3 f\u00edsica organitzador (Josep Segundo) com de l&#8217;alumnat.<\/div>\n<div><i>Han descobert i gaudit del que va representar la celebraci\u00f3 de la XXV edici\u00f3 dels Jocs Ol\u00edmpics a Barcelona.<\/i><\/div>\n<div><\/div>\n<div><a href=\"https:\/\/agora.xtec.cat\/iesalella\/wp-content\/uploads\/usu119\/2022\/12\/52FA1841-9A11-42C7-ADDF-3A14692B5E1F.jpeg\"><img loading=\"lazy\" decoding=\"async\" class=\"aligncenter size-full wp-image-7499\" src=\"https:\/\/agora.xtec.cat\/iesalella\/wp-content\/uploads\/usu119\/2022\/12\/52FA1841-9A11-42C7-ADDF-3A14692B5E1F.jpeg\" alt=\"\" width=\"546\" height=\"397\" srcset=\"https:\/\/agora.xtec.cat\/iesalella\/wp-content\/uploads\/usu119\/2022\/12\/52FA1841-9A11-42C7-ADDF-3A14692B5E1F.jpeg 546w, https:\/\/agora.xtec.cat\/iesalella\/wp-content\/uploads\/usu119\/2022\/12\/52FA1841-9A11-42C7-ADDF-3A14692B5E1F-300x218.jpeg 300w\" sizes=\"auto, (max-width: 546px) 100vw, 546px\" \/><\/a> <a href=\"https:\/\/agora.xtec.cat\/iesalella\/wp-content\/uploads\/usu119\/2022\/12\/B30ABE94-98C9-4F6B-9C19-A4099D8249BA.jpeg\"><img loading=\"lazy\" decoding=\"async\" class=\"aligncenter size-full wp-image-7500\" src=\"https:\/\/agora.xtec.cat\/iesalella\/wp-content\/uploads\/usu119\/2022\/12\/B30ABE94-98C9-4F6B-9C19-A4099D8249BA.jpeg\" alt=\"\" width=\"544\" height=\"394\" srcset=\"https:\/\/agora.xtec.cat\/iesalella\/wp-content\/uploads\/usu119\/2022\/12\/B30ABE94-98C9-4F6B-9C19-A4099D8249BA.jpeg 544w, https:\/\/agora.xtec.cat\/iesalella\/wp-content\/uploads\/usu119\/2022\/12\/B30ABE94-98C9-4F6B-9C19-A4099D8249BA-300x217.jpeg 300w\" sizes=\"auto, (max-width: 544px) 100vw, 544px\" \/><\/a><\/div>\n","protected":false},"excerpt":{"rendered":"<p>El passat 14 de desembre, l&#8217;alumnat de 3r d&#8217;Eso va anar d&#8217;excursi\u00f3 al Museu Ol\u00edmpic i de l&#8217;Esport.<br \/>\nAprofitant l&#8217;efem\u00e8ride dels 30 anys dels Jocs de Barcelona 92, es va voler donar a con\u00e8ixer aquest espai tant significatiu per l&#8217;esport i per a la ciutat.<br \/>\nVan rec\u00f3rrer\u00a0els&hellip;  <a href=\"https:\/\/agora.xtec.cat\/iesalella\/estudis\/eso\/eso-3\/3r-deso-al-museu-olimpic\/\" title=\"Read 3r d\u2019ESO al Museu ol\u00edmpic\">Llegeix m\u00e9s\u00bb<\/a><\/p>\n","protected":false},"author":1,"featured_media":7499,"comment_status":"open","ping_status":"closed","sticky":false,"template":"","format":"standard","meta":{"_bbp_topic_count":0,"_bbp_reply_count":0,"_bbp_total_topic_count":0,"_bbp_total_reply_count":0,"_bbp_voice_count":0,"_bbp_anonymous_reply_count":0,"_bbp_topic_count_hidden":0,"_bbp_reply_count_hidden":0,"_bbp_forum_subforum_count":0,"footnotes":""},"categories":[6,29],"tags":[],"class_list":["post-7498","post","type-post","status-publish","format-standard","has-post-thumbnail","hentry","category-eso-3","category-portada"],"post_mailing_queue_ids":[],"_links":{"self":[{"href":"https:\/\/agora.xtec.cat\/iesalella\/wp-json\/wp\/v2\/posts\/7498","targetHints":{"allow":["GET"]}}],"collection":[{"href":"https:\/\/agora.xtec.cat\/iesalella\/wp-json\/wp\/v2\/posts"}],"about":[{"href":"https:\/\/agora.xtec.cat\/iesalella\/wp-json\/wp\/v2\/types\/post"}],"author":[{"embeddable":true,"href":"https:\/\/agora.xtec.cat\/iesalella\/wp-json\/wp\/v2\/users\/1"}],"replies":[{"embeddable":true,"href":"https:\/\/agora.xtec.cat\/iesalella\/wp-json\/wp\/v2\/comments?post=7498"}],"version-history":[{"count":2,"href":"https:\/\/agora.xtec.cat\/iesalella\/wp-json\/wp\/v2\/posts\/7498\/revisions"}],"predecessor-version":[{"id":7502,"href":"https:\/\/agora.xtec.cat\/iesalella\/wp-json\/wp\/v2\/posts\/7498\/revisions\/7502"}],"wp:featuredmedia":[{"embeddable":true,"href":"https:\/\/agora.xtec.cat\/iesalella\/wp-json\/wp\/v2\/media\/7499"}],"wp:attachment":[{"href":"https:\/\/agora.xtec.cat\/iesalella\/wp-json\/wp\/v2\/media?parent=7498"}],"wp:term":[{"taxonomy":"category","embeddable":true,"href":"https:\/\/agora.xtec.cat\/iesalella\/wp-json\/wp\/v2\/categories?post=7498"},{"taxonomy":"post_tag","embeddable":true,"href":"https:\/\/agora.xtec.cat\/iesalella\/wp-json\/wp\/v2\/tags?post=7498"}],"curies":[{"name":"wp","href":"https:\/\/api.w.org\/{rel}","templated":true}]}}