{"id":7490,"date":"2022-12-16T16:34:24","date_gmt":"2022-12-16T15:34:24","guid":{"rendered":"https:\/\/agora.xtec.cat\/iesalella\/?p=7490"},"modified":"2022-12-16T16:34:24","modified_gmt":"2022-12-16T15:34:24","slug":"viatge-a-grecia-quart-dia","status":"publish","type":"post","link":"https:\/\/agora.xtec.cat\/iesalella\/estudis\/batxillerat\/viatge-a-grecia-quart-dia\/","title":{"rendered":"Viatge a Gr\u00e8cia. Quart dia"},"content":{"rendered":"<p>Mat\u00ed de visita a les \u00e0gores grega i romana, temple de Zeus Ol\u00edmpic, porta d&#8217;Adri\u00e0 i dinar a Plaka.<\/p>\n<p><a href=\"https:\/\/agora.xtec.cat\/iesalella\/wp-content\/uploads\/usu119\/2022\/12\/AAD93442-BD81-4FB3-9D2D-2EE2B985CAD0.jpeg\"><img loading=\"lazy\" decoding=\"async\" class=\"aligncenter size-full wp-image-7491\" src=\"https:\/\/agora.xtec.cat\/iesalella\/wp-content\/uploads\/usu119\/2022\/12\/AAD93442-BD81-4FB3-9D2D-2EE2B985CAD0.jpeg\" alt=\"\" width=\"838\" height=\"439\" srcset=\"https:\/\/agora.xtec.cat\/iesalella\/wp-content\/uploads\/usu119\/2022\/12\/AAD93442-BD81-4FB3-9D2D-2EE2B985CAD0.jpeg 838w, https:\/\/agora.xtec.cat\/iesalella\/wp-content\/uploads\/usu119\/2022\/12\/AAD93442-BD81-4FB3-9D2D-2EE2B985CAD0-300x157.jpeg 300w, https:\/\/agora.xtec.cat\/iesalella\/wp-content\/uploads\/usu119\/2022\/12\/AAD93442-BD81-4FB3-9D2D-2EE2B985CAD0-768x402.jpeg 768w\" sizes=\"auto, (max-width: 838px) 100vw, 838px\" \/><\/a> <a href=\"https:\/\/agora.xtec.cat\/iesalella\/wp-content\/uploads\/usu119\/2022\/12\/575F86F2-10D7-47BF-B830-4457094F0470.jpeg\"><img loading=\"lazy\" decoding=\"async\" class=\"aligncenter size-full wp-image-7492\" src=\"https:\/\/agora.xtec.cat\/iesalella\/wp-content\/uploads\/usu119\/2022\/12\/575F86F2-10D7-47BF-B830-4457094F0470.jpeg\" alt=\"\" width=\"837\" height=\"438\" srcset=\"https:\/\/agora.xtec.cat\/iesalella\/wp-content\/uploads\/usu119\/2022\/12\/575F86F2-10D7-47BF-B830-4457094F0470.jpeg 837w, https:\/\/agora.xtec.cat\/iesalella\/wp-content\/uploads\/usu119\/2022\/12\/575F86F2-10D7-47BF-B830-4457094F0470-300x157.jpeg 300w, https:\/\/agora.xtec.cat\/iesalella\/wp-content\/uploads\/usu119\/2022\/12\/575F86F2-10D7-47BF-B830-4457094F0470-768x402.jpeg 768w\" sizes=\"auto, (max-width: 837px) 100vw, 837px\" \/><\/a> <a href=\"https:\/\/agora.xtec.cat\/iesalella\/wp-content\/uploads\/usu119\/2022\/12\/211E165C-4E3E-44F6-8536-12B0BAF4B98C.jpeg\"><img loading=\"lazy\" decoding=\"async\" class=\"aligncenter size-full wp-image-7493\" src=\"https:\/\/agora.xtec.cat\/iesalella\/wp-content\/uploads\/usu119\/2022\/12\/211E165C-4E3E-44F6-8536-12B0BAF4B98C.jpeg\" alt=\"\" width=\"837\" height=\"438\" srcset=\"https:\/\/agora.xtec.cat\/iesalella\/wp-content\/uploads\/usu119\/2022\/12\/211E165C-4E3E-44F6-8536-12B0BAF4B98C.jpeg 837w, https:\/\/agora.xtec.cat\/iesalella\/wp-content\/uploads\/usu119\/2022\/12\/211E165C-4E3E-44F6-8536-12B0BAF4B98C-300x157.jpeg 300w, https:\/\/agora.xtec.cat\/iesalella\/wp-content\/uploads\/usu119\/2022\/12\/211E165C-4E3E-44F6-8536-12B0BAF4B98C-768x402.jpeg 768w\" sizes=\"auto, (max-width: 837px) 100vw, 837px\" \/><\/a> <a href=\"https:\/\/agora.xtec.cat\/iesalella\/wp-content\/uploads\/usu119\/2022\/12\/171FB3F9-26E5-40A4-96FE-9CDA7FD1678C.jpeg\"><img loading=\"lazy\" decoding=\"async\" class=\"aligncenter size-full wp-image-7494\" src=\"https:\/\/agora.xtec.cat\/iesalella\/wp-content\/uploads\/usu119\/2022\/12\/171FB3F9-26E5-40A4-96FE-9CDA7FD1678C.jpeg\" alt=\"\" width=\"837\" height=\"438\" srcset=\"https:\/\/agora.xtec.cat\/iesalella\/wp-content\/uploads\/usu119\/2022\/12\/171FB3F9-26E5-40A4-96FE-9CDA7FD1678C.jpeg 837w, https:\/\/agora.xtec.cat\/iesalella\/wp-content\/uploads\/usu119\/2022\/12\/171FB3F9-26E5-40A4-96FE-9CDA7FD1678C-300x157.jpeg 300w, https:\/\/agora.xtec.cat\/iesalella\/wp-content\/uploads\/usu119\/2022\/12\/171FB3F9-26E5-40A4-96FE-9CDA7FD1678C-768x402.jpeg 768w\" sizes=\"auto, (max-width: 837px) 100vw, 837px\" \/><\/a> <a href=\"https:\/\/agora.xtec.cat\/iesalella\/wp-content\/uploads\/usu119\/2022\/12\/2E7872BA-7B8C-4931-9483-BD8006A4C326.jpeg\"><br \/>\n<\/a> <a href=\"https:\/\/agora.xtec.cat\/iesalella\/wp-content\/uploads\/usu119\/2022\/12\/FCDC4E64-0258-40CD-B1DE-8BC29071548F.jpeg\"><img loading=\"lazy\" decoding=\"async\" class=\"aligncenter size-full wp-image-7496\" src=\"https:\/\/agora.xtec.cat\/iesalella\/wp-content\/uploads\/usu119\/2022\/12\/FCDC4E64-0258-40CD-B1DE-8BC29071548F.jpeg\" alt=\"\" width=\"1600\" height=\"738\" srcset=\"https:\/\/agora.xtec.cat\/iesalella\/wp-content\/uploads\/usu119\/2022\/12\/FCDC4E64-0258-40CD-B1DE-8BC29071548F.jpeg 1600w, https:\/\/agora.xtec.cat\/iesalella\/wp-content\/uploads\/usu119\/2022\/12\/FCDC4E64-0258-40CD-B1DE-8BC29071548F-300x138.jpeg 300w, https:\/\/agora.xtec.cat\/iesalella\/wp-content\/uploads\/usu119\/2022\/12\/FCDC4E64-0258-40CD-B1DE-8BC29071548F-1024x472.jpeg 1024w, https:\/\/agora.xtec.cat\/iesalella\/wp-content\/uploads\/usu119\/2022\/12\/FCDC4E64-0258-40CD-B1DE-8BC29071548F-768x354.jpeg 768w, https:\/\/agora.xtec.cat\/iesalella\/wp-content\/uploads\/usu119\/2022\/12\/FCDC4E64-0258-40CD-B1DE-8BC29071548F-1536x708.jpeg 1536w\" sizes=\"auto, (max-width: 1600px) 100vw, 1600px\" \/><\/a><\/p>\n","protected":false},"excerpt":{"rendered":"<p>Mat\u00ed de visita a les \u00e0gores grega i romana, temple de Zeus Ol\u00edmpic, porta d&#8217;Adri\u00e0 i dinar a Plaka.<br \/>\n<a href=\"https:\/\/agora.xtec.cat\/iesalella\/wp-content\/uploads\/usu119\/2022\/12\/AAD93442-BD81-4FB3-9D2D-2EE2B985CAD0.jpeg\"><\/a> <a href=\"https:\/\/agora.xtec.cat\/iesalella\/wp-content\/uploads\/usu119\/2022\/12\/575F86F2-10D7-47BF-B830-4457094F0470.jpeg\"><\/a> <a href=\"https:\/\/agora.xtec.cat\/iesalella\/wp-content\/uploads\/usu119\/2022\/12\/211E165C-4E3E-44F6-8536-12B0BAF4B98C.jpeg\"><\/a> <a href=\"https:\/\/agora.xtec.cat\/iesalella\/wp-content\/uploads\/usu119\/2022\/12\/171FB3F9-26E5-40A4-96FE-9CDA7FD1678C.jpeg\"><\/a> <a href=\"https:\/\/agora.xtec.cat\/iesalella\/wp-content\/uploads\/usu119\/2022\/12\/2E7872BA-7B8C-4931-9483-BD8006A4C326.jpeg\"><br \/>\n<\/a> <a href=\"https:\/\/agora.xtec.cat\/iesalella\/wp-content\/uploads\/usu119\/2022\/12\/FCDC4E64-0258-40CD-B1DE-8BC29071548F.jpeg\"><\/a><\/p>\n","protected":false},"author":1,"featured_media":7495,"comment_status":"open","ping_status":"closed","sticky":false,"template":"","format":"standard","meta":{"_bbp_topic_count":0,"_bbp_reply_count":0,"_bbp_total_topic_count":0,"_bbp_total_reply_count":0,"_bbp_voice_count":0,"_bbp_anonymous_reply_count":0,"_bbp_topic_count_hidden":0,"_bbp_reply_count_hidden":0,"_bbp_forum_subforum_count":0,"footnotes":""},"categories":[8,29],"tags":[],"class_list":["post-7490","post","type-post","status-publish","format-standard","has-post-thumbnail","hentry","category-batxillerat","category-portada"],"post_mailing_queue_ids":[],"_links":{"self":[{"href":"https:\/\/agora.xtec.cat\/iesalella\/wp-json\/wp\/v2\/posts\/7490","targetHints":{"allow":["GET"]}}],"collection":[{"href":"https:\/\/agora.xtec.cat\/iesalella\/wp-json\/wp\/v2\/posts"}],"about":[{"href":"https:\/\/agora.xtec.cat\/iesalella\/wp-json\/wp\/v2\/types\/post"}],"author":[{"embeddable":true,"href":"https:\/\/agora.xtec.cat\/iesalella\/wp-json\/wp\/v2\/users\/1"}],"replies":[{"embeddable":true,"href":"https:\/\/agora.xtec.cat\/iesalella\/wp-json\/wp\/v2\/comments?post=7490"}],"version-history":[{"count":1,"href":"https:\/\/agora.xtec.cat\/iesalella\/wp-json\/wp\/v2\/posts\/7490\/revisions"}],"predecessor-version":[{"id":7497,"href":"https:\/\/agora.xtec.cat\/iesalella\/wp-json\/wp\/v2\/posts\/7490\/revisions\/7497"}],"wp:featuredmedia":[{"embeddable":true,"href":"https:\/\/agora.xtec.cat\/iesalella\/wp-json\/wp\/v2\/media\/7495"}],"wp:attachment":[{"href":"https:\/\/agora.xtec.cat\/iesalella\/wp-json\/wp\/v2\/media?parent=7490"}],"wp:term":[{"taxonomy":"category","embeddable":true,"href":"https:\/\/agora.xtec.cat\/iesalella\/wp-json\/wp\/v2\/categories?post=7490"},{"taxonomy":"post_tag","embeddable":true,"href":"https:\/\/agora.xtec.cat\/iesalella\/wp-json\/wp\/v2\/tags?post=7490"}],"curies":[{"name":"wp","href":"https:\/\/api.w.org\/{rel}","templated":true}]}}