{"id":7344,"date":"2022-11-11T10:47:39","date_gmt":"2022-11-11T09:47:39","guid":{"rendered":"https:\/\/agora.xtec.cat\/iesalella\/?p=7344"},"modified":"2022-11-11T10:47:39","modified_gmt":"2022-11-11T09:47:39","slug":"setmana-de-la-ciencia-fira-de-cinematica","status":"publish","type":"post","link":"https:\/\/agora.xtec.cat\/iesalella\/portada\/setmana-de-la-ciencia-fira-de-cinematica\/","title":{"rendered":"Setmana de la ci\u00e8ncia. Fira de cinem\u00e0tica."},"content":{"rendered":"<p>Els alumnes de 4t d\u2019ESO de l\u2019optativa de F\u00edsica i Qu\u00edmica han preparat una fira de cinem\u00e0tica! L\u2019objectiu \u00e9s aprendre i ensenyar el que han apr\u00e8s mentre juguen i lideren a altres alumnes de 4t.<a href=\"https:\/\/agora.xtec.cat\/iesalella\/wp-content\/uploads\/usu119\/2022\/11\/IMG-20221111-WA0009.jpg\"><img loading=\"lazy\" decoding=\"async\" class=\"aligncenter size-full wp-image-7345\" src=\"https:\/\/agora.xtec.cat\/iesalella\/wp-content\/uploads\/usu119\/2022\/11\/IMG-20221111-WA0009.jpg\" alt=\"\" width=\"1600\" height=\"900\" srcset=\"https:\/\/agora.xtec.cat\/iesalella\/wp-content\/uploads\/usu119\/2022\/11\/IMG-20221111-WA0009.jpg 1600w, https:\/\/agora.xtec.cat\/iesalella\/wp-content\/uploads\/usu119\/2022\/11\/IMG-20221111-WA0009-300x169.jpg 300w, https:\/\/agora.xtec.cat\/iesalella\/wp-content\/uploads\/usu119\/2022\/11\/IMG-20221111-WA0009-1024x576.jpg 1024w, https:\/\/agora.xtec.cat\/iesalella\/wp-content\/uploads\/usu119\/2022\/11\/IMG-20221111-WA0009-768x432.jpg 768w, https:\/\/agora.xtec.cat\/iesalella\/wp-content\/uploads\/usu119\/2022\/11\/IMG-20221111-WA0009-1536x864.jpg 1536w\" sizes=\"auto, (max-width: 1600px) 100vw, 1600px\" \/><\/a> <a href=\"https:\/\/agora.xtec.cat\/iesalella\/wp-content\/uploads\/usu119\/2022\/11\/IMG-20221111-WA0012.jpg\"><img loading=\"lazy\" decoding=\"async\" class=\"aligncenter size-full wp-image-7346\" src=\"https:\/\/agora.xtec.cat\/iesalella\/wp-content\/uploads\/usu119\/2022\/11\/IMG-20221111-WA0012.jpg\" alt=\"\" width=\"2000\" height=\"1500\" srcset=\"https:\/\/agora.xtec.cat\/iesalella\/wp-content\/uploads\/usu119\/2022\/11\/IMG-20221111-WA0012.jpg 2000w, https:\/\/agora.xtec.cat\/iesalella\/wp-content\/uploads\/usu119\/2022\/11\/IMG-20221111-WA0012-300x225.jpg 300w, https:\/\/agora.xtec.cat\/iesalella\/wp-content\/uploads\/usu119\/2022\/11\/IMG-20221111-WA0012-1024x768.jpg 1024w, https:\/\/agora.xtec.cat\/iesalella\/wp-content\/uploads\/usu119\/2022\/11\/IMG-20221111-WA0012-768x576.jpg 768w, https:\/\/agora.xtec.cat\/iesalella\/wp-content\/uploads\/usu119\/2022\/11\/IMG-20221111-WA0012-1536x1152.jpg 1536w, https:\/\/agora.xtec.cat\/iesalella\/wp-content\/uploads\/usu119\/2022\/11\/IMG-20221111-WA0012-200x150.jpg 200w\" sizes=\"auto, (max-width: 2000px) 100vw, 2000px\" \/><\/a> <a href=\"https:\/\/agora.xtec.cat\/iesalella\/wp-content\/uploads\/usu119\/2022\/11\/IMG-20221111-WA0007.jpg\"><img loading=\"lazy\" decoding=\"async\" class=\"aligncenter size-full wp-image-7347\" src=\"https:\/\/agora.xtec.cat\/iesalella\/wp-content\/uploads\/usu119\/2022\/11\/IMG-20221111-WA0007.jpg\" alt=\"\" width=\"1200\" height=\"1600\" srcset=\"https:\/\/agora.xtec.cat\/iesalella\/wp-content\/uploads\/usu119\/2022\/11\/IMG-20221111-WA0007.jpg 1200w, https:\/\/agora.xtec.cat\/iesalella\/wp-content\/uploads\/usu119\/2022\/11\/IMG-20221111-WA0007-225x300.jpg 225w, https:\/\/agora.xtec.cat\/iesalella\/wp-content\/uploads\/usu119\/2022\/11\/IMG-20221111-WA0007-768x1024.jpg 768w, https:\/\/agora.xtec.cat\/iesalella\/wp-content\/uploads\/usu119\/2022\/11\/IMG-20221111-WA0007-1152x1536.jpg 1152w\" sizes=\"auto, (max-width: 1200px) 100vw, 1200px\" \/><\/a> <a href=\"https:\/\/agora.xtec.cat\/iesalella\/wp-content\/uploads\/usu119\/2022\/11\/IMG-20221111-WA0005.jpg\"><img loading=\"lazy\" decoding=\"async\" class=\"aligncenter size-full wp-image-7348\" src=\"https:\/\/agora.xtec.cat\/iesalella\/wp-content\/uploads\/usu119\/2022\/11\/IMG-20221111-WA0005.jpg\" alt=\"\" width=\"1200\" height=\"1600\" srcset=\"https:\/\/agora.xtec.cat\/iesalella\/wp-content\/uploads\/usu119\/2022\/11\/IMG-20221111-WA0005.jpg 1200w, https:\/\/agora.xtec.cat\/iesalella\/wp-content\/uploads\/usu119\/2022\/11\/IMG-20221111-WA0005-225x300.jpg 225w, https:\/\/agora.xtec.cat\/iesalella\/wp-content\/uploads\/usu119\/2022\/11\/IMG-20221111-WA0005-768x1024.jpg 768w, https:\/\/agora.xtec.cat\/iesalella\/wp-content\/uploads\/usu119\/2022\/11\/IMG-20221111-WA0005-1152x1536.jpg 1152w\" sizes=\"auto, (max-width: 1200px) 100vw, 1200px\" \/><\/a><\/p>\n<div style=\"width: 640px;\" class=\"wp-video\"><!--[if lt IE 9]><script>document.createElement('video');<\/script><![endif]-->\n<video class=\"wp-video-shortcode\" id=\"video-7344-1\" width=\"640\" height=\"352\" preload=\"metadata\" controls=\"controls\"><source type=\"video\/mp4\" src=\"https:\/\/agora.xtec.cat\/iesalella\/wp-content\/uploads\/usu119\/2022\/11\/VID-20221111-WA0010.mp4?_=1\" \/><a href=\"https:\/\/agora.xtec.cat\/iesalella\/wp-content\/uploads\/usu119\/2022\/11\/VID-20221111-WA0010.mp4\">https:\/\/agora.xtec.cat\/iesalella\/wp-content\/uploads\/usu119\/2022\/11\/VID-20221111-WA0010.mp4<\/a><\/video><\/div>\n","protected":false},"excerpt":{"rendered":"<p>Els alumnes de 4t d\u2019ESO de l\u2019optativa de F\u00edsica i Qu\u00edmica han preparat una fira de cinem\u00e0tica! L\u2019objectiu \u00e9s aprendre i ensenyar el que han apr\u00e8s mentre juguen i lideren a altres alumnes de 4t.<a href=\"https:\/\/agora.xtec.cat\/iesalella\/wp-content\/uploads\/usu119\/2022\/11\/IMG-20221111-WA0009.jpg\"><\/a> <a href=\"https:\/\/agora.xtec.cat\/iesalella\/wp-content\/uploads\/usu119\/2022\/11\/IMG-20221111-WA0012.jpg\"><\/a> <a href=\"https:\/\/agora.xtec.cat\/iesalella\/wp-content\/uploads\/usu119\/2022\/11\/IMG-20221111-WA0007.jpg\"><\/a> <a href=\"https:\/\/agora.xtec.cat\/iesalella\/wp-content\/uploads\/usu119\/2022\/11\/IMG-20221111-WA0005.jpg\"><\/a><br \/>\n<a href=\"https:\/\/agora.xtec.cat\/iesalella\/wp-content\/uploads\/usu119\/2022\/11\/VID-20221111-WA0010.mp4\">https:\/\/agora.xtec.cat\/iesalella\/wp-content\/uploads\/usu119\/2022\/11\/VID-20221111-WA0010.mp4<\/a><\/p>\n","protected":false},"author":1,"featured_media":7345,"comment_status":"closed","ping_status":"closed","sticky":false,"template":"","format":"standard","meta":{"_bbp_topic_count":0,"_bbp_reply_count":0,"_bbp_total_topic_count":0,"_bbp_total_reply_count":0,"_bbp_voice_count":0,"_bbp_anonymous_reply_count":0,"_bbp_topic_count_hidden":0,"_bbp_reply_count_hidden":0,"_bbp_forum_subforum_count":0,"footnotes":""},"categories":[29,140],"tags":[],"class_list":["post-7344","post","type-post","status-publish","format-standard","has-post-thumbnail","hentry","category-portada","category-setmana-de-la-ciencia"],"post_mailing_queue_ids":[],"_links":{"self":[{"href":"https:\/\/agora.xtec.cat\/iesalella\/wp-json\/wp\/v2\/posts\/7344","targetHints":{"allow":["GET"]}}],"collection":[{"href":"https:\/\/agora.xtec.cat\/iesalella\/wp-json\/wp\/v2\/posts"}],"about":[{"href":"https:\/\/agora.xtec.cat\/iesalella\/wp-json\/wp\/v2\/types\/post"}],"author":[{"embeddable":true,"href":"https:\/\/agora.xtec.cat\/iesalella\/wp-json\/wp\/v2\/users\/1"}],"replies":[{"embeddable":true,"href":"https:\/\/agora.xtec.cat\/iesalella\/wp-json\/wp\/v2\/comments?post=7344"}],"version-history":[{"count":1,"href":"https:\/\/agora.xtec.cat\/iesalella\/wp-json\/wp\/v2\/posts\/7344\/revisions"}],"predecessor-version":[{"id":7350,"href":"https:\/\/agora.xtec.cat\/iesalella\/wp-json\/wp\/v2\/posts\/7344\/revisions\/7350"}],"wp:featuredmedia":[{"embeddable":true,"href":"https:\/\/agora.xtec.cat\/iesalella\/wp-json\/wp\/v2\/media\/7345"}],"wp:attachment":[{"href":"https:\/\/agora.xtec.cat\/iesalella\/wp-json\/wp\/v2\/media?parent=7344"}],"wp:term":[{"taxonomy":"category","embeddable":true,"href":"https:\/\/agora.xtec.cat\/iesalella\/wp-json\/wp\/v2\/categories?post=7344"},{"taxonomy":"post_tag","embeddable":true,"href":"https:\/\/agora.xtec.cat\/iesalella\/wp-json\/wp\/v2\/tags?post=7344"}],"curies":[{"name":"wp","href":"https:\/\/api.w.org\/{rel}","templated":true}]}}