{"id":7335,"date":"2022-11-10T15:33:21","date_gmt":"2022-11-10T14:33:21","guid":{"rendered":"https:\/\/agora.xtec.cat\/iesalella\/?p=7335"},"modified":"2022-11-10T15:33:21","modified_gmt":"2022-11-10T14:33:21","slug":"setmana-de-la-ciencia-matematiques-a-3r-deso","status":"publish","type":"post","link":"https:\/\/agora.xtec.cat\/iesalella\/portada\/setmana-de-la-ciencia-matematiques-a-3r-deso\/","title":{"rendered":"Setmana de la ci\u00e8ncia.Matem\u00e0tiques a 3r d&#8217;ESO"},"content":{"rendered":"<p style=\"text-align: left;\">Calculem la superf\u00edcie total del parc nacional del Montseny, gr\u00e0cies a les matem\u00e0tiques.<\/p>\n<p><a href=\"https:\/\/agora.xtec.cat\/iesalella\/wp-content\/uploads\/usu119\/2022\/11\/IMG-20221110-WA0000.jpg\"><img loading=\"lazy\" decoding=\"async\" class=\"aligncenter size-full wp-image-7336\" src=\"https:\/\/agora.xtec.cat\/iesalella\/wp-content\/uploads\/usu119\/2022\/11\/IMG-20221110-WA0000.jpg\" alt=\"\" width=\"1536\" height=\"2048\" srcset=\"https:\/\/agora.xtec.cat\/iesalella\/wp-content\/uploads\/usu119\/2022\/11\/IMG-20221110-WA0000.jpg 1536w, https:\/\/agora.xtec.cat\/iesalella\/wp-content\/uploads\/usu119\/2022\/11\/IMG-20221110-WA0000-225x300.jpg 225w, https:\/\/agora.xtec.cat\/iesalella\/wp-content\/uploads\/usu119\/2022\/11\/IMG-20221110-WA0000-768x1024.jpg 768w, https:\/\/agora.xtec.cat\/iesalella\/wp-content\/uploads\/usu119\/2022\/11\/IMG-20221110-WA0000-1152x1536.jpg 1152w\" sizes=\"auto, (max-width: 1536px) 100vw, 1536px\" \/><\/a> <a href=\"https:\/\/agora.xtec.cat\/iesalella\/wp-content\/uploads\/usu119\/2022\/11\/IMG-20221110-WA0002.jpg\"><img loading=\"lazy\" decoding=\"async\" class=\"aligncenter size-full wp-image-7337\" src=\"https:\/\/agora.xtec.cat\/iesalella\/wp-content\/uploads\/usu119\/2022\/11\/IMG-20221110-WA0002.jpg\" alt=\"\" width=\"2048\" height=\"1536\" srcset=\"https:\/\/agora.xtec.cat\/iesalella\/wp-content\/uploads\/usu119\/2022\/11\/IMG-20221110-WA0002.jpg 2048w, https:\/\/agora.xtec.cat\/iesalella\/wp-content\/uploads\/usu119\/2022\/11\/IMG-20221110-WA0002-300x225.jpg 300w, https:\/\/agora.xtec.cat\/iesalella\/wp-content\/uploads\/usu119\/2022\/11\/IMG-20221110-WA0002-1024x768.jpg 1024w, https:\/\/agora.xtec.cat\/iesalella\/wp-content\/uploads\/usu119\/2022\/11\/IMG-20221110-WA0002-768x576.jpg 768w, https:\/\/agora.xtec.cat\/iesalella\/wp-content\/uploads\/usu119\/2022\/11\/IMG-20221110-WA0002-1536x1152.jpg 1536w, https:\/\/agora.xtec.cat\/iesalella\/wp-content\/uploads\/usu119\/2022\/11\/IMG-20221110-WA0002-200x150.jpg 200w\" sizes=\"auto, (max-width: 2048px) 100vw, 2048px\" \/><\/a> <a href=\"https:\/\/agora.xtec.cat\/iesalella\/wp-content\/uploads\/usu119\/2022\/11\/IMG-20221110-WA0001.jpg\"><img loading=\"lazy\" decoding=\"async\" class=\"aligncenter size-full wp-image-7338\" src=\"https:\/\/agora.xtec.cat\/iesalella\/wp-content\/uploads\/usu119\/2022\/11\/IMG-20221110-WA0001.jpg\" alt=\"\" width=\"2048\" height=\"1536\" srcset=\"https:\/\/agora.xtec.cat\/iesalella\/wp-content\/uploads\/usu119\/2022\/11\/IMG-20221110-WA0001.jpg 2048w, https:\/\/agora.xtec.cat\/iesalella\/wp-content\/uploads\/usu119\/2022\/11\/IMG-20221110-WA0001-300x225.jpg 300w, https:\/\/agora.xtec.cat\/iesalella\/wp-content\/uploads\/usu119\/2022\/11\/IMG-20221110-WA0001-1024x768.jpg 1024w, https:\/\/agora.xtec.cat\/iesalella\/wp-content\/uploads\/usu119\/2022\/11\/IMG-20221110-WA0001-768x576.jpg 768w, https:\/\/agora.xtec.cat\/iesalella\/wp-content\/uploads\/usu119\/2022\/11\/IMG-20221110-WA0001-1536x1152.jpg 1536w, https:\/\/agora.xtec.cat\/iesalella\/wp-content\/uploads\/usu119\/2022\/11\/IMG-20221110-WA0001-200x150.jpg 200w\" sizes=\"auto, (max-width: 2048px) 100vw, 2048px\" \/><\/a><\/p>\n","protected":false},"excerpt":{"rendered":"<p>Calculem la superf\u00edcie total del parc nacional del Montseny, gr\u00e0cies a les matem\u00e0tiques.<br \/>\n<a href=\"https:\/\/agora.xtec.cat\/iesalella\/wp-content\/uploads\/usu119\/2022\/11\/IMG-20221110-WA0000.jpg\"><\/a> <a href=\"https:\/\/agora.xtec.cat\/iesalella\/wp-content\/uploads\/usu119\/2022\/11\/IMG-20221110-WA0002.jpg\"><\/a> <a href=\"https:\/\/agora.xtec.cat\/iesalella\/wp-content\/uploads\/usu119\/2022\/11\/IMG-20221110-WA0001.jpg\"><\/a><\/p>\n","protected":false},"author":1,"featured_media":7336,"comment_status":"closed","ping_status":"closed","sticky":false,"template":"","format":"standard","meta":{"_bbp_topic_count":0,"_bbp_reply_count":0,"_bbp_total_topic_count":0,"_bbp_total_reply_count":0,"_bbp_voice_count":0,"_bbp_anonymous_reply_count":0,"_bbp_topic_count_hidden":0,"_bbp_reply_count_hidden":0,"_bbp_forum_subforum_count":0,"footnotes":""},"categories":[29,140],"tags":[],"class_list":["post-7335","post","type-post","status-publish","format-standard","has-post-thumbnail","hentry","category-portada","category-setmana-de-la-ciencia"],"post_mailing_queue_ids":[],"_links":{"self":[{"href":"https:\/\/agora.xtec.cat\/iesalella\/wp-json\/wp\/v2\/posts\/7335","targetHints":{"allow":["GET"]}}],"collection":[{"href":"https:\/\/agora.xtec.cat\/iesalella\/wp-json\/wp\/v2\/posts"}],"about":[{"href":"https:\/\/agora.xtec.cat\/iesalella\/wp-json\/wp\/v2\/types\/post"}],"author":[{"embeddable":true,"href":"https:\/\/agora.xtec.cat\/iesalella\/wp-json\/wp\/v2\/users\/1"}],"replies":[{"embeddable":true,"href":"https:\/\/agora.xtec.cat\/iesalella\/wp-json\/wp\/v2\/comments?post=7335"}],"version-history":[{"count":1,"href":"https:\/\/agora.xtec.cat\/iesalella\/wp-json\/wp\/v2\/posts\/7335\/revisions"}],"predecessor-version":[{"id":7339,"href":"https:\/\/agora.xtec.cat\/iesalella\/wp-json\/wp\/v2\/posts\/7335\/revisions\/7339"}],"wp:featuredmedia":[{"embeddable":true,"href":"https:\/\/agora.xtec.cat\/iesalella\/wp-json\/wp\/v2\/media\/7336"}],"wp:attachment":[{"href":"https:\/\/agora.xtec.cat\/iesalella\/wp-json\/wp\/v2\/media?parent=7335"}],"wp:term":[{"taxonomy":"category","embeddable":true,"href":"https:\/\/agora.xtec.cat\/iesalella\/wp-json\/wp\/v2\/categories?post=7335"},{"taxonomy":"post_tag","embeddable":true,"href":"https:\/\/agora.xtec.cat\/iesalella\/wp-json\/wp\/v2\/tags?post=7335"}],"curies":[{"name":"wp","href":"https:\/\/api.w.org\/{rel}","templated":true}]}}