{"id":7051,"date":"2022-09-23T13:40:05","date_gmt":"2022-09-23T11:40:05","guid":{"rendered":"https:\/\/agora.xtec.cat\/iesalella\/?p=7051"},"modified":"2022-09-23T14:12:13","modified_gmt":"2022-09-23T12:12:13","slug":"ruta-per-les-vinyes-amb-2n-deso","status":"publish","type":"post","link":"https:\/\/agora.xtec.cat\/iesalella\/estudis\/eso\/ruta-per-les-vinyes-amb-2n-deso\/","title":{"rendered":"Ruta per les vinyes amb 2n d&#8217;ESO"},"content":{"rendered":"<p>A 2n d&#8217;ESO hem treballat la resist\u00e8ncia aer\u00f2bica aprofitant l&#8217;entorn.<\/p>\n<p>Ruta per les vinyes a l&#8217;hora d&#8217;educaci\u00f3 f\u00edsica. #educaci\u00f3f\u00edsica #insalella #Alella<\/p>\n<p><a href=\"https:\/\/agora.xtec.cat\/iesalella\/wp-content\/uploads\/usu119\/2022\/09\/foto3.jpg\"><img loading=\"lazy\" decoding=\"async\" class=\"aligncenter size-full wp-image-7054\" src=\"https:\/\/agora.xtec.cat\/iesalella\/wp-content\/uploads\/usu119\/2022\/09\/foto3.jpg\" alt=\"\" width=\"1080\" height=\"810\" srcset=\"https:\/\/agora.xtec.cat\/iesalella\/wp-content\/uploads\/usu119\/2022\/09\/foto3.jpg 1080w, https:\/\/agora.xtec.cat\/iesalella\/wp-content\/uploads\/usu119\/2022\/09\/foto3-300x225.jpg 300w, https:\/\/agora.xtec.cat\/iesalella\/wp-content\/uploads\/usu119\/2022\/09\/foto3-1024x768.jpg 1024w, https:\/\/agora.xtec.cat\/iesalella\/wp-content\/uploads\/usu119\/2022\/09\/foto3-768x576.jpg 768w, https:\/\/agora.xtec.cat\/iesalella\/wp-content\/uploads\/usu119\/2022\/09\/foto3-200x150.jpg 200w\" sizes=\"auto, (max-width: 1080px) 100vw, 1080px\" \/><\/a> <a href=\"https:\/\/agora.xtec.cat\/iesalella\/wp-content\/uploads\/usu119\/2022\/09\/foto2.jpg\"><img loading=\"lazy\" decoding=\"async\" class=\"aligncenter size-full wp-image-7055\" src=\"https:\/\/agora.xtec.cat\/iesalella\/wp-content\/uploads\/usu119\/2022\/09\/foto2.jpg\" alt=\"\" width=\"1080\" height=\"810\" srcset=\"https:\/\/agora.xtec.cat\/iesalella\/wp-content\/uploads\/usu119\/2022\/09\/foto2.jpg 1080w, https:\/\/agora.xtec.cat\/iesalella\/wp-content\/uploads\/usu119\/2022\/09\/foto2-300x225.jpg 300w, https:\/\/agora.xtec.cat\/iesalella\/wp-content\/uploads\/usu119\/2022\/09\/foto2-1024x768.jpg 1024w, https:\/\/agora.xtec.cat\/iesalella\/wp-content\/uploads\/usu119\/2022\/09\/foto2-768x576.jpg 768w, https:\/\/agora.xtec.cat\/iesalella\/wp-content\/uploads\/usu119\/2022\/09\/foto2-200x150.jpg 200w\" sizes=\"auto, (max-width: 1080px) 100vw, 1080px\" \/><\/a> <a href=\"https:\/\/agora.xtec.cat\/iesalella\/wp-content\/uploads\/usu119\/2022\/09\/foto1-1.jpg\"><img loading=\"lazy\" decoding=\"async\" class=\"aligncenter size-full wp-image-7056\" src=\"https:\/\/agora.xtec.cat\/iesalella\/wp-content\/uploads\/usu119\/2022\/09\/foto1-1.jpg\" alt=\"\" width=\"1080\" height=\"810\" srcset=\"https:\/\/agora.xtec.cat\/iesalella\/wp-content\/uploads\/usu119\/2022\/09\/foto1-1.jpg 1080w, https:\/\/agora.xtec.cat\/iesalella\/wp-content\/uploads\/usu119\/2022\/09\/foto1-1-300x225.jpg 300w, https:\/\/agora.xtec.cat\/iesalella\/wp-content\/uploads\/usu119\/2022\/09\/foto1-1-1024x768.jpg 1024w, https:\/\/agora.xtec.cat\/iesalella\/wp-content\/uploads\/usu119\/2022\/09\/foto1-1-768x576.jpg 768w, https:\/\/agora.xtec.cat\/iesalella\/wp-content\/uploads\/usu119\/2022\/09\/foto1-1-200x150.jpg 200w\" sizes=\"auto, (max-width: 1080px) 100vw, 1080px\" \/><\/a><\/p>\n","protected":false},"excerpt":{"rendered":"<p>A 2n d&#8217;ESO hem treballat la resist\u00e8ncia aer\u00f2bica aprofitant l&#8217;entorn.<br \/>\nRuta per les vinyes a l&#8217;hora d&#8217;educaci\u00f3 f\u00edsica. #educaci\u00f3f\u00edsica #insalella #Alella<br \/>\n<a href=\"https:\/\/agora.xtec.cat\/iesalella\/wp-content\/uploads\/usu119\/2022\/09\/foto3.jpg\"><\/a> <a href=\"https:\/\/agora.xtec.cat\/iesalella\/wp-content\/uploads\/usu119\/2022\/09\/foto2.jpg\"><\/a> <a href=\"https:\/\/agora.xtec.cat\/iesalella\/wp-content\/uploads\/usu119\/2022\/09\/foto1-1.jpg\"><\/a><\/p>\n","protected":false},"author":1,"featured_media":7056,"comment_status":"closed","ping_status":"closed","sticky":false,"template":"","format":"standard","meta":{"_bbp_topic_count":0,"_bbp_reply_count":0,"_bbp_total_topic_count":0,"_bbp_total_reply_count":0,"_bbp_voice_count":0,"_bbp_anonymous_reply_count":0,"_bbp_topic_count_hidden":0,"_bbp_reply_count_hidden":0,"_bbp_forum_subforum_count":0,"footnotes":""},"categories":[3,29],"tags":[],"class_list":["post-7051","post","type-post","status-publish","format-standard","has-post-thumbnail","hentry","category-eso","category-portada"],"post_mailing_queue_ids":[],"_links":{"self":[{"href":"https:\/\/agora.xtec.cat\/iesalella\/wp-json\/wp\/v2\/posts\/7051","targetHints":{"allow":["GET"]}}],"collection":[{"href":"https:\/\/agora.xtec.cat\/iesalella\/wp-json\/wp\/v2\/posts"}],"about":[{"href":"https:\/\/agora.xtec.cat\/iesalella\/wp-json\/wp\/v2\/types\/post"}],"author":[{"embeddable":true,"href":"https:\/\/agora.xtec.cat\/iesalella\/wp-json\/wp\/v2\/users\/1"}],"replies":[{"embeddable":true,"href":"https:\/\/agora.xtec.cat\/iesalella\/wp-json\/wp\/v2\/comments?post=7051"}],"version-history":[{"count":2,"href":"https:\/\/agora.xtec.cat\/iesalella\/wp-json\/wp\/v2\/posts\/7051\/revisions"}],"predecessor-version":[{"id":7057,"href":"https:\/\/agora.xtec.cat\/iesalella\/wp-json\/wp\/v2\/posts\/7051\/revisions\/7057"}],"wp:featuredmedia":[{"embeddable":true,"href":"https:\/\/agora.xtec.cat\/iesalella\/wp-json\/wp\/v2\/media\/7056"}],"wp:attachment":[{"href":"https:\/\/agora.xtec.cat\/iesalella\/wp-json\/wp\/v2\/media?parent=7051"}],"wp:term":[{"taxonomy":"category","embeddable":true,"href":"https:\/\/agora.xtec.cat\/iesalella\/wp-json\/wp\/v2\/categories?post=7051"},{"taxonomy":"post_tag","embeddable":true,"href":"https:\/\/agora.xtec.cat\/iesalella\/wp-json\/wp\/v2\/tags?post=7051"}],"curies":[{"name":"wp","href":"https:\/\/api.w.org\/{rel}","templated":true}]}}