{"id":7026,"date":"2022-09-15T10:51:13","date_gmt":"2022-09-15T08:51:13","guid":{"rendered":"https:\/\/agora.xtec.cat\/iesalella\/?p=7026"},"modified":"2022-09-23T14:14:07","modified_gmt":"2022-09-23T12:14:07","slug":"cantina-de-linstitut-menus-del-curs-2022-23","status":"publish","type":"post","link":"https:\/\/agora.xtec.cat\/iesalella\/portada\/cantina-de-linstitut-menus-del-curs-2022-23\/","title":{"rendered":"Cantina de l&#8217;Institut &#8211; Men\u00fas del curs 2022\/23"},"content":{"rendered":"<p><strong>Cantina &#8211; Informaci\u00f3 men\u00fas del curs 2022\/23<\/strong><\/p>\n<p>En l&#8217;enlla\u00e7 seg\u00fcent disposeu de la informaci\u00f3 sobre els men\u00fas del curs actual:<\/p>\n<p><a href=\"https:\/\/agora.xtec.cat\/iesalella\/serveis-2\/menjador-escolar\/menus-2022-2023\/\">Men\u00fas cantina 2022\/23<\/a><\/p>\n<p>&nbsp;<\/p>\n<p>&nbsp;<\/p>\n<p>&nbsp;<\/p>\n","protected":false},"excerpt":{"rendered":"<p>Cantina &#8211; Informaci\u00f3 men\u00fas del curs 2022\/23<br \/>\nEn l&#8217;enlla\u00e7 seg\u00fcent disposeu de la informaci\u00f3 sobre els men\u00fas del curs actual:<br \/>\n<a href=\"https:\/\/agora.xtec.cat\/iesalella\/serveis-2\/menjador-escolar\/menus-2022-2023\/\">Men\u00fas cantina 2022\/23<\/a><br \/>\n&nbsp;<br \/>\n&nbsp;<br \/>\n&nbsp;<\/p>\n","protected":false},"author":1,"featured_media":0,"comment_status":"closed","ping_status":"closed","sticky":false,"template":"","format":"standard","meta":{"_bbp_topic_count":0,"_bbp_reply_count":0,"_bbp_total_topic_count":0,"_bbp_total_reply_count":0,"_bbp_voice_count":0,"_bbp_anonymous_reply_count":0,"_bbp_topic_count_hidden":0,"_bbp_reply_count_hidden":0,"_bbp_forum_subforum_count":0,"footnotes":""},"categories":[126,29],"tags":[],"class_list":["post-7026","post","type-post","status-publish","format-standard","hentry","category-cantina","category-portada"],"post_mailing_queue_ids":[],"_links":{"self":[{"href":"https:\/\/agora.xtec.cat\/iesalella\/wp-json\/wp\/v2\/posts\/7026","targetHints":{"allow":["GET"]}}],"collection":[{"href":"https:\/\/agora.xtec.cat\/iesalella\/wp-json\/wp\/v2\/posts"}],"about":[{"href":"https:\/\/agora.xtec.cat\/iesalella\/wp-json\/wp\/v2\/types\/post"}],"author":[{"embeddable":true,"href":"https:\/\/agora.xtec.cat\/iesalella\/wp-json\/wp\/v2\/users\/1"}],"replies":[{"embeddable":true,"href":"https:\/\/agora.xtec.cat\/iesalella\/wp-json\/wp\/v2\/comments?post=7026"}],"version-history":[{"count":3,"href":"https:\/\/agora.xtec.cat\/iesalella\/wp-json\/wp\/v2\/posts\/7026\/revisions"}],"predecessor-version":[{"id":7038,"href":"https:\/\/agora.xtec.cat\/iesalella\/wp-json\/wp\/v2\/posts\/7026\/revisions\/7038"}],"wp:attachment":[{"href":"https:\/\/agora.xtec.cat\/iesalella\/wp-json\/wp\/v2\/media?parent=7026"}],"wp:term":[{"taxonomy":"category","embeddable":true,"href":"https:\/\/agora.xtec.cat\/iesalella\/wp-json\/wp\/v2\/categories?post=7026"},{"taxonomy":"post_tag","embeddable":true,"href":"https:\/\/agora.xtec.cat\/iesalella\/wp-json\/wp\/v2\/tags?post=7026"}],"curies":[{"name":"wp","href":"https:\/\/api.w.org\/{rel}","templated":true}]}}