{"id":7002,"date":"2022-09-13T13:34:05","date_gmt":"2022-09-13T11:34:05","guid":{"rendered":"https:\/\/agora.xtec.cat\/iesalella\/?p=7002"},"modified":"2022-09-14T10:24:54","modified_gmt":"2022-09-14T08:24:54","slug":"lliurament-de-porta-entrepans-a-1r-i-4t-deso","status":"publish","type":"post","link":"https:\/\/agora.xtec.cat\/iesalella\/portada\/lliurament-de-porta-entrepans-a-1r-i-4t-deso\/","title":{"rendered":"Lliurament de porta entrepans a 1r i 4t d&#8217;ESO."},"content":{"rendered":"<p><span style=\"font-weight: 400;\">Durant aquest curs el nostre centre esdevindr\u00e0 ESCOLA VERDA. L&#8217;objectiu d\u2019aquest projecte d\u2019Escola verda \u00e9s <\/span><span style=\"font-weight: 400;\">innovar, incloure, avan\u00e7ar, sistematitzar i organitzar accions educatives que tinguin la finalitat d&#8217;afrontar, des de l&#8217;educaci\u00f3, els nous reptes i valors de la sostenibilitat.<\/span><\/p>\n<p><span style=\"font-weight: 400;\">En aquesta l\u00ednia de treball, doncs,\u00a0 <\/span><span style=\"font-weight: 400;\">us informem que igual que en el curs anterior, els vostres fills\/es rebran un porta entrepans per poder portar l\u2019esmorzar cada dia al centre i evitar aix\u00ed l\u2019\u00fas de papers d\u2019alumini, bosses de pl\u00e0stic i\/o films.<\/span><\/p>\n<p><span style=\"font-weight: 400;\">En ser un producte reutilitzable i reciclable pretenem reduir la quantitat de residus que es generen durant els patis a l&#8217;Institut i conscienciar a l\u2019alumnat en els objectius de desenvolupament sostenible (ODS).<\/span><\/p>\n<p><span style=\"font-weight: 400;\">Volem agrair la col\u00b7laboraci\u00f3 i l\u2019aportaci\u00f3 econ\u00f2mica de l\u2019AFA en aquesta iniciativa. Adjunt al porta entrepans trobareu un fullet\u00f3 amb algunes idees saludables pel vostre boc\u2019n\u2019roll.<\/span><\/p>\n<p>&nbsp;<\/p>\n","protected":false},"excerpt":{"rendered":"<p>Durant aquest curs el nostre centre esdevindr\u00e0 ESCOLA VERDA. L&#8217;objectiu d\u2019aquest projecte d\u2019Escola verda \u00e9s innovar, incloure, avan\u00e7ar, sistematitzar i organitzar accions educatives que tinguin la finalitat d&#8217;afrontar, des de l&#8217;educaci\u00f3, els nous reptes i valors de la sostenibilitat.<br \/>\nEn aquesta l\u00ednia de treball, doncs,\u00a0 us&hellip;  <a href=\"https:\/\/agora.xtec.cat\/iesalella\/portada\/lliurament-de-porta-entrepans-a-1r-i-4t-deso\/\" title=\"Read Lliurament de porta entrepans a 1r i 4t d&#8217;ESO.\">Llegeix m\u00e9s\u00bb<\/a><\/p>\n","protected":false},"author":1,"featured_media":6919,"comment_status":"closed","ping_status":"closed","sticky":false,"template":"","format":"standard","meta":{"_bbp_topic_count":0,"_bbp_reply_count":0,"_bbp_total_topic_count":0,"_bbp_total_reply_count":0,"_bbp_voice_count":0,"_bbp_anonymous_reply_count":0,"_bbp_topic_count_hidden":0,"_bbp_reply_count_hidden":0,"_bbp_forum_subforum_count":0,"footnotes":""},"categories":[116,137,29],"tags":[],"class_list":["post-7002","post","type-post","status-publish","format-standard","has-post-thumbnail","hentry","category-activitats","category-escola-verda","category-portada"],"post_mailing_queue_ids":[],"_links":{"self":[{"href":"https:\/\/agora.xtec.cat\/iesalella\/wp-json\/wp\/v2\/posts\/7002","targetHints":{"allow":["GET"]}}],"collection":[{"href":"https:\/\/agora.xtec.cat\/iesalella\/wp-json\/wp\/v2\/posts"}],"about":[{"href":"https:\/\/agora.xtec.cat\/iesalella\/wp-json\/wp\/v2\/types\/post"}],"author":[{"embeddable":true,"href":"https:\/\/agora.xtec.cat\/iesalella\/wp-json\/wp\/v2\/users\/1"}],"replies":[{"embeddable":true,"href":"https:\/\/agora.xtec.cat\/iesalella\/wp-json\/wp\/v2\/comments?post=7002"}],"version-history":[{"count":1,"href":"https:\/\/agora.xtec.cat\/iesalella\/wp-json\/wp\/v2\/posts\/7002\/revisions"}],"predecessor-version":[{"id":7006,"href":"https:\/\/agora.xtec.cat\/iesalella\/wp-json\/wp\/v2\/posts\/7002\/revisions\/7006"}],"wp:featuredmedia":[{"embeddable":true,"href":"https:\/\/agora.xtec.cat\/iesalella\/wp-json\/wp\/v2\/media\/6919"}],"wp:attachment":[{"href":"https:\/\/agora.xtec.cat\/iesalella\/wp-json\/wp\/v2\/media?parent=7002"}],"wp:term":[{"taxonomy":"category","embeddable":true,"href":"https:\/\/agora.xtec.cat\/iesalella\/wp-json\/wp\/v2\/categories?post=7002"},{"taxonomy":"post_tag","embeddable":true,"href":"https:\/\/agora.xtec.cat\/iesalella\/wp-json\/wp\/v2\/tags?post=7002"}],"curies":[{"name":"wp","href":"https:\/\/api.w.org\/{rel}","templated":true}]}}