{"id":6652,"date":"2022-04-06T17:56:34","date_gmt":"2022-04-06T15:56:34","guid":{"rendered":"https:\/\/agora.xtec.cat\/iesalella\/?p=6652"},"modified":"2022-04-06T17:57:44","modified_gmt":"2022-04-06T15:57:44","slug":"vols-sollicitar-una-beca-per-a-batxillerat-o-cicles-formatius-informa-ten","status":"publish","type":"post","link":"https:\/\/agora.xtec.cat\/iesalella\/general\/vols-sollicitar-una-beca-per-a-batxillerat-o-cicles-formatius-informa-ten\/","title":{"rendered":"Vols sol\u00b7licitar una beca per a batxillerat o cicles formatius? Informa-te&#8217;n!"},"content":{"rendered":"<p><a href=\"https:\/\/agora.xtec.cat\/iesalella\/wp-content\/uploads\/usu119\/2019\/01\/Universal-information-symbol-e1619434039495.png\"><img loading=\"lazy\" decoding=\"async\" class=\" wp-image-5088 alignleft\" src=\"https:\/\/agora.xtec.cat\/iesalella\/wp-content\/uploads\/usu119\/2019\/01\/Universal-information-symbol-300x300.png\" alt=\"\" width=\"100\" height=\"100\" \/><\/a><\/p>\n<p>El Ministeri d&#8217;Educaci\u00f3 i Formaci\u00f3 Professional ha convocat beques per als estudiants que el curs acad\u00e8mic 2022-2023 cursin ensenyaments postobligatoris no universitaris.<\/p>\n<p>Hi ha diverses modalitats de beca i tamb\u00e9 s&#8217;atorguen quanties diferents. Podeu ampliar la informaci\u00f3 i sol\u00b7licitar la beca en <a href=\"https:\/\/educacio.gencat.cat\/ca\/tramits\/tramits-temes\/247-beques-ministerio-postobligatoris\" target=\"_blank\" rel=\"noopener\"><strong>AQUEST ENLLA\u00c7.<\/strong><\/a><\/p>\n","protected":false},"excerpt":{"rendered":"<p><a href=\"https:\/\/agora.xtec.cat\/iesalella\/wp-content\/uploads\/usu119\/2019\/01\/Universal-information-symbol-e1619434039495.png\"><\/a><br \/>\nEl Ministeri d&#8217;Educaci\u00f3 i Formaci\u00f3 Professional ha convocat beques per als estudiants que el curs acad\u00e8mic 2022-2023 cursin ensenyaments postobligatoris no universitaris.<br \/>\nHi ha diverses modalitats de beca i tamb\u00e9 s&#8217;atorguen quanties diferents. Podeu ampliar la informaci\u00f3 i sol\u00b7licitar la beca en <a href=\"https:\/\/educacio.gencat.cat\/ca\/tramits\/tramits-temes\/247-beques-ministerio-postobligatoris\" target=\"_blank\"&hellip;  <a href=\"https:\/\/agora.xtec.cat\/iesalella\/general\/vols-sollicitar-una-beca-per-a-batxillerat-o-cicles-formatius-informa-ten\/\" title=\"Read Vols sol\u00b7licitar una beca per a batxillerat o cicles formatius? Informa-te&#8217;n!\">Llegeix m\u00e9s\u00bb<\/a><\/p>\n","protected":false},"author":1,"featured_media":5088,"comment_status":"open","ping_status":"closed","sticky":false,"template":"","format":"standard","meta":{"_bbp_topic_count":0,"_bbp_reply_count":0,"_bbp_total_topic_count":0,"_bbp_total_reply_count":0,"_bbp_voice_count":0,"_bbp_anonymous_reply_count":0,"_bbp_topic_count_hidden":0,"_bbp_reply_count_hidden":0,"_bbp_forum_subforum_count":0,"footnotes":""},"categories":[1,119,29],"tags":[],"class_list":["post-6652","post","type-post","status-publish","format-standard","has-post-thumbnail","hentry","category-general","category-institut","category-portada"],"post_mailing_queue_ids":[],"_links":{"self":[{"href":"https:\/\/agora.xtec.cat\/iesalella\/wp-json\/wp\/v2\/posts\/6652","targetHints":{"allow":["GET"]}}],"collection":[{"href":"https:\/\/agora.xtec.cat\/iesalella\/wp-json\/wp\/v2\/posts"}],"about":[{"href":"https:\/\/agora.xtec.cat\/iesalella\/wp-json\/wp\/v2\/types\/post"}],"author":[{"embeddable":true,"href":"https:\/\/agora.xtec.cat\/iesalella\/wp-json\/wp\/v2\/users\/1"}],"replies":[{"embeddable":true,"href":"https:\/\/agora.xtec.cat\/iesalella\/wp-json\/wp\/v2\/comments?post=6652"}],"version-history":[{"count":1,"href":"https:\/\/agora.xtec.cat\/iesalella\/wp-json\/wp\/v2\/posts\/6652\/revisions"}],"predecessor-version":[{"id":6653,"href":"https:\/\/agora.xtec.cat\/iesalella\/wp-json\/wp\/v2\/posts\/6652\/revisions\/6653"}],"wp:featuredmedia":[{"embeddable":true,"href":"https:\/\/agora.xtec.cat\/iesalella\/wp-json\/wp\/v2\/media\/5088"}],"wp:attachment":[{"href":"https:\/\/agora.xtec.cat\/iesalella\/wp-json\/wp\/v2\/media?parent=6652"}],"wp:term":[{"taxonomy":"category","embeddable":true,"href":"https:\/\/agora.xtec.cat\/iesalella\/wp-json\/wp\/v2\/categories?post=6652"},{"taxonomy":"post_tag","embeddable":true,"href":"https:\/\/agora.xtec.cat\/iesalella\/wp-json\/wp\/v2\/tags?post=6652"}],"curies":[{"name":"wp","href":"https:\/\/api.w.org\/{rel}","templated":true}]}}