{"id":6507,"date":"2022-01-25T10:18:00","date_gmt":"2022-01-25T09:18:00","guid":{"rendered":"https:\/\/agora.xtec.cat\/iesalella\/?p=6507"},"modified":"2022-01-25T10:18:00","modified_gmt":"2022-01-25T09:18:00","slug":"nova-convocatoria-per-a-lobtencio-dels-certificats-de-catala","status":"publish","type":"post","link":"https:\/\/agora.xtec.cat\/iesalella\/general\/nova-convocatoria-per-a-lobtencio-dels-certificats-de-catala\/","title":{"rendered":"Nova convocat\u00f2ria per a l&#8217;obtenci\u00f3 dels certificats de catal\u00e0"},"content":{"rendered":"<p><span style=\"color: #000000; font-family: arial, sans-serif;\">Us informem que\u00a0 la Secretaria de Pol\u00edtica Ling\u00fc\u00edstica ha convocat les proves del 2022 per a l\u2019obtenci\u00f3 de certificats de catal\u00e0. El termini de presentaci\u00f3 de sol\u00b7licituds d\u2019inscripci\u00f3 s\u2019inicia el 24 de gener i s\u2019allarga fins al 9 de febrer de 2022. Per presentar-se a les proves cal tenir 16 anys o m\u00e9s. Poden inscriure-s\u2019hi totes les persones que vulguin obtenir qualsevol dels certificats que s\u2019ofereixen, al marge del sistema d\u2019aprenentatge que hagin seguit (cursos, autoaprenentatge\u2026).<\/span><\/p>\n<p><span style=\"color: #000000; font-family: arial, sans-serif;\">L\u2019obtenci\u00f3 d\u2019aquests certificats pot ser d\u2019inter\u00e8s per a joves que no han obtingut el t\u00edtol d\u2019ESO o b\u00e9 s\u2019han incorporat tardanament al sistema educatiu catal\u00e0, en algun moment posterior a l\u2019educaci\u00f3 secund\u00e0ria obligat\u00f2ria, i no tenen reconegut el nivell C1 de catal\u00e0. L\u2019acreditaci\u00f3 del nivell de compet\u00e8ncia ling\u00fc\u00edstica en catal\u00e0 \u00e9s sovint necessari per a l\u2019acc\u00e9s al m\u00f3n del treball (tant a l\u2019administraci\u00f3 p\u00fablica com al m\u00f3n socioecon\u00f2mic), per entrar en determinats estudis, o, simplement, pot respondre a un inter\u00e8s personal.<\/span><\/p>\n<p><span style=\"color: #000000; font-family: arial, sans-serif;\">En aquest\u00a0<b><a href=\"https:\/\/projectes.xtec.cat\/acollidasuport\/general\/proves-per-a-lobtencio-de-certificats-de-llengua-catalana\/\" target=\"_blank\" rel=\"noopener\" data-saferedirecturl=\"https:\/\/www.google.com\/url?q=https:\/\/projectes.xtec.cat\/acollidasuport\/general\/proves-per-a-lobtencio-de-certificats-de-llengua-catalana\/&amp;source=gmail&amp;ust=1643187402453000&amp;usg=AOvVaw3E3FF_-FpZFdQ8NVp5o7QI\">enlla\u00e7<\/a><\/b>\u00a0trobareu tota la informaci\u00f3 al respecte.<\/span><\/p>\n","protected":false},"excerpt":{"rendered":"<p>Us informem que\u00a0 la Secretaria de Pol\u00edtica Ling\u00fc\u00edstica ha convocat les proves del 2022 per a l\u2019obtenci\u00f3 de certificats de catal\u00e0. El termini de presentaci\u00f3 de sol\u00b7licituds d\u2019inscripci\u00f3 s\u2019inicia el 24 de gener i s\u2019allarga fins al 9 de febrer de 2022. Per presentar-se a&hellip;  <a href=\"https:\/\/agora.xtec.cat\/iesalella\/general\/nova-convocatoria-per-a-lobtencio-dels-certificats-de-catala\/\" title=\"Read Nova convocat\u00f2ria per a l&#8217;obtenci\u00f3 dels certificats de catal\u00e0\">Llegeix m\u00e9s\u00bb<\/a><\/p>\n","protected":false},"author":1,"featured_media":0,"comment_status":"open","ping_status":"closed","sticky":false,"template":"","format":"standard","meta":{"_bbp_topic_count":0,"_bbp_reply_count":0,"_bbp_total_topic_count":0,"_bbp_total_reply_count":0,"_bbp_voice_count":0,"_bbp_anonymous_reply_count":0,"_bbp_topic_count_hidden":0,"_bbp_reply_count_hidden":0,"_bbp_forum_subforum_count":0,"footnotes":""},"categories":[1,119,29],"tags":[],"class_list":["post-6507","post","type-post","status-publish","format-standard","hentry","category-general","category-institut","category-portada"],"post_mailing_queue_ids":[],"_links":{"self":[{"href":"https:\/\/agora.xtec.cat\/iesalella\/wp-json\/wp\/v2\/posts\/6507","targetHints":{"allow":["GET"]}}],"collection":[{"href":"https:\/\/agora.xtec.cat\/iesalella\/wp-json\/wp\/v2\/posts"}],"about":[{"href":"https:\/\/agora.xtec.cat\/iesalella\/wp-json\/wp\/v2\/types\/post"}],"author":[{"embeddable":true,"href":"https:\/\/agora.xtec.cat\/iesalella\/wp-json\/wp\/v2\/users\/1"}],"replies":[{"embeddable":true,"href":"https:\/\/agora.xtec.cat\/iesalella\/wp-json\/wp\/v2\/comments?post=6507"}],"version-history":[{"count":1,"href":"https:\/\/agora.xtec.cat\/iesalella\/wp-json\/wp\/v2\/posts\/6507\/revisions"}],"predecessor-version":[{"id":6508,"href":"https:\/\/agora.xtec.cat\/iesalella\/wp-json\/wp\/v2\/posts\/6507\/revisions\/6508"}],"wp:attachment":[{"href":"https:\/\/agora.xtec.cat\/iesalella\/wp-json\/wp\/v2\/media?parent=6507"}],"wp:term":[{"taxonomy":"category","embeddable":true,"href":"https:\/\/agora.xtec.cat\/iesalella\/wp-json\/wp\/v2\/categories?post=6507"},{"taxonomy":"post_tag","embeddable":true,"href":"https:\/\/agora.xtec.cat\/iesalella\/wp-json\/wp\/v2\/tags?post=6507"}],"curies":[{"name":"wp","href":"https:\/\/api.w.org\/{rel}","templated":true}]}}