{"id":6011,"date":"2021-02-04T15:53:53","date_gmt":"2021-02-04T14:53:53","guid":{"rendered":"https:\/\/agora.xtec.cat\/iesalella\/?p=6011"},"modified":"2021-02-04T16:45:31","modified_gmt":"2021-02-04T15:45:31","slug":"22e-concurs-de-fotografia-matematica-participa-hi","status":"publish","type":"post","link":"https:\/\/agora.xtec.cat\/iesalella\/general\/22e-concurs-de-fotografia-matematica-participa-hi\/","title":{"rendered":"Nova edici\u00f3 del Concurs de Fotografia Matem\u00e0tica. Participa-hi!"},"content":{"rendered":"<p><img loading=\"lazy\" decoding=\"async\" class=\" wp-image-6012 alignleft\" src=\"https:\/\/agora.xtec.cat\/iesalella\/wp-content\/uploads\/usu119\/2021\/02\/2021-01-24_fotomatematica_ok-212x300.jpg\" alt=\"\" width=\"249\" height=\"353\" srcset=\"https:\/\/agora.xtec.cat\/iesalella\/wp-content\/uploads\/usu119\/2021\/02\/2021-01-24_fotomatematica_ok-212x300.jpg 212w, https:\/\/agora.xtec.cat\/iesalella\/wp-content\/uploads\/usu119\/2021\/02\/2021-01-24_fotomatematica_ok-768x1086.jpg 768w, https:\/\/agora.xtec.cat\/iesalella\/wp-content\/uploads\/usu119\/2021\/02\/2021-01-24_fotomatematica_ok-724x1024.jpg 724w, https:\/\/agora.xtec.cat\/iesalella\/wp-content\/uploads\/usu119\/2021\/02\/2021-01-24_fotomatematica_ok.jpg 1189w\" sizes=\"auto, (max-width: 249px) 100vw, 249px\" \/>Des de fa uns anys, l&#8217;Ins Alella participa com a centre al Concurs de fotografia Matem\u00e0tica que organitza l&#8217;Associaci\u00f3 de Barcelona per a l&#8217;estudi i l&#8217;aprenentatge de les Matem\u00e0tiques (ABEAM).<\/p>\n<p>El concurs es va iniciar el curs 1999-2000 per celebrar l\u2019Any Mundial de les Matem\u00e0tiques i, aquest curs 2020-2021, se&#8217;n celebra la 22a edici\u00f3.<\/p>\n<p>Des de l&#8217;\u00e0mbit matem\u00e0tic encoratgem a tot l&#8217;alumnat de l&#8217;institut a participar-hi!\u00a0 Consulteu les bases del concurs i el cartell que s&#8217;ha penjat a les aules i als panells informatius en aquest\u00a0 <strong><a href=\"https:\/\/drive.google.com\/file\/d\/1ohCITSx_-IEuunuy3jVOBuLZ9CQ3yuO0\/view?usp=sharing\" target=\"_blank\" rel=\"noopener noreferrer\">ENLLA\u00c7<\/a><\/strong>.<\/p>\n<p>Tamb\u00e9 podeu obtenir m\u00e9s informaci\u00f3 sobre el concurs i els organitzadors <strong><a href=\"https:\/\/fotografiamatematica.cat\/\" target=\"_blank\" rel=\"noopener noreferrer\">AQU\u00cd<\/a><\/strong>.<\/p>\n<p>Poseu en marxa la vostra creativitat i engegueu la c\u00e0mera! Teniu fins al dia 12 de mar\u00e7 per enviar les vostres fotografies.<\/p>\n","protected":false},"excerpt":{"rendered":"<p>Des de fa uns anys, l&#8217;Ins Alella participa com a centre al Concurs de fotografia Matem\u00e0tica que organitza l&#8217;Associaci\u00f3 de Barcelona per a l&#8217;estudi i l&#8217;aprenentatge de les Matem\u00e0tiques (ABEAM).<br \/>\nEl concurs es va iniciar el curs 1999-2000 per celebrar l\u2019Any Mundial de les Matem\u00e0tiques i,&hellip;  <a href=\"https:\/\/agora.xtec.cat\/iesalella\/general\/22e-concurs-de-fotografia-matematica-participa-hi\/\" title=\"Read Nova edici\u00f3 del Concurs de Fotografia Matem\u00e0tica. Participa-hi!\">Llegeix m\u00e9s\u00bb<\/a><\/p>\n","protected":false},"author":1,"featured_media":6012,"comment_status":"open","ping_status":"closed","sticky":false,"template":"","format":"standard","meta":{"_bbp_topic_count":0,"_bbp_reply_count":0,"_bbp_total_topic_count":0,"_bbp_total_reply_count":0,"_bbp_voice_count":0,"_bbp_anonymous_reply_count":0,"_bbp_topic_count_hidden":0,"_bbp_reply_count_hidden":0,"_bbp_forum_subforum_count":0,"footnotes":""},"categories":[1,119,29],"tags":[],"class_list":["post-6011","post","type-post","status-publish","format-standard","has-post-thumbnail","hentry","category-general","category-institut","category-portada"],"post_mailing_queue_ids":[],"_links":{"self":[{"href":"https:\/\/agora.xtec.cat\/iesalella\/wp-json\/wp\/v2\/posts\/6011","targetHints":{"allow":["GET"]}}],"collection":[{"href":"https:\/\/agora.xtec.cat\/iesalella\/wp-json\/wp\/v2\/posts"}],"about":[{"href":"https:\/\/agora.xtec.cat\/iesalella\/wp-json\/wp\/v2\/types\/post"}],"author":[{"embeddable":true,"href":"https:\/\/agora.xtec.cat\/iesalella\/wp-json\/wp\/v2\/users\/1"}],"replies":[{"embeddable":true,"href":"https:\/\/agora.xtec.cat\/iesalella\/wp-json\/wp\/v2\/comments?post=6011"}],"version-history":[{"count":3,"href":"https:\/\/agora.xtec.cat\/iesalella\/wp-json\/wp\/v2\/posts\/6011\/revisions"}],"predecessor-version":[{"id":6018,"href":"https:\/\/agora.xtec.cat\/iesalella\/wp-json\/wp\/v2\/posts\/6011\/revisions\/6018"}],"wp:featuredmedia":[{"embeddable":true,"href":"https:\/\/agora.xtec.cat\/iesalella\/wp-json\/wp\/v2\/media\/6012"}],"wp:attachment":[{"href":"https:\/\/agora.xtec.cat\/iesalella\/wp-json\/wp\/v2\/media?parent=6011"}],"wp:term":[{"taxonomy":"category","embeddable":true,"href":"https:\/\/agora.xtec.cat\/iesalella\/wp-json\/wp\/v2\/categories?post=6011"},{"taxonomy":"post_tag","embeddable":true,"href":"https:\/\/agora.xtec.cat\/iesalella\/wp-json\/wp\/v2\/tags?post=6011"}],"curies":[{"name":"wp","href":"https:\/\/api.w.org\/{rel}","templated":true}]}}