{"id":6009,"date":"2021-01-26T10:34:09","date_gmt":"2021-01-26T09:34:09","guid":{"rendered":"https:\/\/agora.xtec.cat\/iesalella\/?p=6009"},"modified":"2021-01-26T10:34:09","modified_gmt":"2021-01-26T09:34:09","slug":"proves-per-obtenir-el-graduat-en-eso","status":"publish","type":"post","link":"https:\/\/agora.xtec.cat\/iesalella\/general\/proves-per-obtenir-el-graduat-en-eso\/","title":{"rendered":"Proves per obtenir el graduat en ESO"},"content":{"rendered":"<p><b>Alumnes que poden presentar-s&#8217;hi<\/b><\/p>\n<p><span style=\"font-weight: 400;\">Els tres requisits que han de reunir els alumnes per poder presentar-se a aquestes proves l\u2019any 2021 s\u00f3n:\u00a0<\/span><\/p>\n<ol>\n<li style=\"font-weight: 400;\" aria-level=\"1\"><b>Haver finalitzat l&#8217;ESO l\u2019any 2019 o 2020<\/b><span style=\"font-weight: 400;\">.\u00a0<\/span><\/li>\n<li style=\"font-weight: 400;\" aria-level=\"1\"><b>Tenir almenys 18 anys o complir-los dins de l&#8217;any 2021<\/b><span style=\"font-weight: 400;\">. Tamb\u00e9 hi pot conc\u00f3rrer l\u2019alumne o alumna que faci els 17 anys l\u2019any 2021 sempre que compleixi alguna de les condicions seg\u00fcents:\u00a0<\/span><\/li>\n<\/ol>\n<p><span style=\"font-weight: 400;\">&#8211; Tenir un contracte laboral que l\u2019impedeixi assistir al centre en r\u00e8gim ordinari.<\/span><span style=\"font-weight: 400;\"><br \/>\n<\/span><span style=\"font-weight: 400;\">\u200b- Trobar-se en proc\u00e9s d&#8217;obtenci\u00f3 d&#8217;un perm\u00eds de treball (alumnat estranger).<\/span><span style=\"font-weight: 400;\"><br \/>\n<\/span><span style=\"font-weight: 400;\">&#8211; Ser esportista d&#8217;alt rendiment.\u00a0<\/span><\/p>\n<ol>\n<li style=\"font-weight: 400;\" aria-level=\"1\"><b>Haver cursat l\u2019ESO (el quart curs incl\u00f2s) sense haver obtingut el t\u00edtol<\/b><span style=\"font-weight: 400;\"> i amb un m\u00e0xim de cinc mat\u00e8ries pendents de qualificaci\u00f3 positiva.<\/span><\/li>\n<\/ol>\n<p><span style=\"font-weight: 400;\">En aplicaci\u00f3 d\u2019aquests requisits, queden exclosos de les proves els alumnes inscrits per repetir quart d\u2019ESO en el present curs 2020-2021. En canvi, hi poden conc\u00f3rrer els alumnes que estan matriculats en ensenyaments d&#8217;adults o a l&#8217;Institut Obert de Catalunya, sempre que compleixin els tres requisits abans esmentats.\u00a0 \u00a0<\/span><\/p>\n<p><span style=\"font-weight: 400;\">Us podeu descarregar aqu\u00ed l&#8217;\u200b <\/span><strong><a href=\"https:\/\/drive.google.com\/file\/d\/10ca78_1l8GmwGflRoWDelRXn2Bf_htVu\/view?usp=sharing\" target=\"_blank\" rel=\"noopener noreferrer\">IMPR\u00c8S DE SOL\u00b7LICITUD\u00a0\u00a0<\/a><\/strong><\/p>\n<p>&nbsp;<\/p>\n<table style=\"border-color: #030000; border-style: solid;\">\n<tbody>\n<tr>\n<td style=\"width: 905px;\" colspan=\"2\"><b>CALENDARI<\/b><\/td>\n<\/tr>\n<tr>\n<td style=\"width: 660px;\"><span style=\"font-weight: 400;\">Termini de presentaci\u00f3 de sol\u00b7licituds d&#8217;inscripci\u00f3<\/span><\/td>\n<td style=\"width: 243px;\"><span style=\"font-weight: 400;\">De l\u20191 al 12 de febrer de 2021\u200b<\/span><\/td>\n<\/tr>\n<tr>\n<td style=\"width: 660px;\"><span style=\"font-weight: 400;\">Publicaci\u00f3 al tauler d\u2019anuncis del centre del calendari de les proves i de les llistes d&#8217;admesos i exclosos<\/span><\/td>\n<td style=\"width: 243px;\"><span style=\"font-weight: 400;\">Entre el 15 i el 19 de febrer de 2021<\/span><\/td>\n<\/tr>\n<tr>\n<td style=\"width: 660px;\"><span style=\"font-weight: 400;\">Termini de presentaci\u00f3 de reclamacions a les llistes d&#8217;admesos i exclosos<\/span><\/td>\n<td style=\"width: 243px;\"><span style=\"font-weight: 400;\">Del 22 al 24 de febrer de 2021<\/span><\/td>\n<\/tr>\n<tr>\n<td style=\"width: 660px;\"><span style=\"font-weight: 400;\">Realitzaci\u00f3 de les proves<\/span><\/td>\n<td style=\"width: 243px;\"><span style=\"font-weight: 400;\">De l\u20191 al 12 de mar\u00e7 de 2021<\/span><\/td>\n<\/tr>\n<\/tbody>\n<\/table>\n","protected":false},"excerpt":{"rendered":"<p>Alumnes que poden presentar-s&#8217;hi<br \/>\nEls tres requisits que han de reunir els alumnes per poder presentar-se a aquestes proves l\u2019any 2021 s\u00f3n:\u00a0<\/p>\n<ol>\n<li style=\"font-weight: 400;\" aria-level=\"1\">Haver finalitzat l&#8217;ESO l\u2019any 2019 o 2020.\u00a0<\/li>\n<li style=\"font-weight: 400;\" aria-level=\"1\">Tenir almenys 18 anys o complir-los dins de l&#8217;any 2021. Tamb\u00e9 hi pot&hellip;  <a href=\"https:\/\/agora.xtec.cat\/iesalella\/general\/proves-per-obtenir-el-graduat-en-eso\/\" title=\"Read Proves per obtenir el graduat en ESO\">Llegeix m\u00e9s\u00bb<\/a><br \/>\n","protected":false},"author":1,"featured_media":0,"comment_status":"open","ping_status":"closed","sticky":false,"template":"","format":"standard","meta":{"_bbp_topic_count":0,"_bbp_reply_count":0,"_bbp_total_topic_count":0,"_bbp_total_reply_count":0,"_bbp_voice_count":0,"_bbp_anonymous_reply_count":0,"_bbp_topic_count_hidden":0,"_bbp_reply_count_hidden":0,"_bbp_forum_subforum_count":0,"footnotes":""},"categories":[1,29],"tags":[],"class_list":["post-6009","post","type-post","status-publish","format-standard","hentry","category-general","category-portada"],"post_mailing_queue_ids":[],"_links":{"self":[{"href":"https:\/\/agora.xtec.cat\/iesalella\/wp-json\/wp\/v2\/posts\/6009","targetHints":{"allow":["GET"]}}],"collection":[{"href":"https:\/\/agora.xtec.cat\/iesalella\/wp-json\/wp\/v2\/posts"}],"about":[{"href":"https:\/\/agora.xtec.cat\/iesalella\/wp-json\/wp\/v2\/types\/post"}],"author":[{"embeddable":true,"href":"https:\/\/agora.xtec.cat\/iesalella\/wp-json\/wp\/v2\/users\/1"}],"replies":[{"embeddable":true,"href":"https:\/\/agora.xtec.cat\/iesalella\/wp-json\/wp\/v2\/comments?post=6009"}],"version-history":[{"count":1,"href":"https:\/\/agora.xtec.cat\/iesalella\/wp-json\/wp\/v2\/posts\/6009\/revisions"}],"predecessor-version":[{"id":6010,"href":"https:\/\/agora.xtec.cat\/iesalella\/wp-json\/wp\/v2\/posts\/6009\/revisions\/6010"}],"wp:attachment":[{"href":"https:\/\/agora.xtec.cat\/iesalella\/wp-json\/wp\/v2\/media?parent=6009"}],"wp:term":[{"taxonomy":"category","embeddable":true,"href":"https:\/\/agora.xtec.cat\/iesalella\/wp-json\/wp\/v2\/categories?post=6009"},{"taxonomy":"post_tag","embeddable":true,"href":"https:\/\/agora.xtec.cat\/iesalella\/wp-json\/wp\/v2\/tags?post=6009"}],"curies":[{"name":"wp","href":"https:\/\/api.w.org\/{rel}","templated":true}]}}