{"id":5961,"date":"2020-09-08T17:58:28","date_gmt":"2020-09-08T15:58:28","guid":{"rendered":"https:\/\/agora.xtec.cat\/iesalella\/?p=5961"},"modified":"2020-09-09T11:28:07","modified_gmt":"2020-09-09T09:28:07","slug":"curs-20-21-com-entrarem-a-linstitut-el-dia-14-de-setembre","status":"publish","type":"post","link":"https:\/\/agora.xtec.cat\/iesalella\/portada\/curs-20-21-com-entrarem-a-linstitut-el-dia-14-de-setembre\/","title":{"rendered":"Curs 20-21. Com entrarem a l&#8217;institut el dia 14 de setembre?"},"content":{"rendered":"<figure class=\"figure wp-caption alignleft\"><a href=\"https:\/\/agora.xtec.cat\/iesalella\/wp-content\/uploads\/usu119\/2020\/09\/coronavirus-4981176_1920.png\"><img loading=\"lazy\" decoding=\"async\" class=\"wp-image-5965 size-medium\" src=\"https:\/\/agora.xtec.cat\/iesalella\/wp-content\/uploads\/usu119\/2020\/09\/coronavirus-4981176_1920-300x300.png\" alt=\"\" width=\"300\" height=\"300\" srcset=\"https:\/\/agora.xtec.cat\/iesalella\/wp-content\/uploads\/usu119\/2020\/09\/coronavirus-4981176_1920-300x300.png 300w, https:\/\/agora.xtec.cat\/iesalella\/wp-content\/uploads\/usu119\/2020\/09\/coronavirus-4981176_1920-150x150.png 150w, https:\/\/agora.xtec.cat\/iesalella\/wp-content\/uploads\/usu119\/2020\/09\/coronavirus-4981176_1920-768x768.png 768w, https:\/\/agora.xtec.cat\/iesalella\/wp-content\/uploads\/usu119\/2020\/09\/coronavirus-4981176_1920-1024x1024.png 1024w, https:\/\/agora.xtec.cat\/iesalella\/wp-content\/uploads\/usu119\/2020\/09\/coronavirus-4981176_1920.png 1919w\" sizes=\"auto, (max-width: 300px) 100vw, 300px\" \/><\/a><figcaption class=\"wp-caption-text\">Imatge de Pixabay.com<\/figcaption><\/figure>\n<p>El proper dilluns, dia 14, tindran lloc les presentacions del nou curs amb cadascun dels grups classe.<\/p>\n<p><span style=\"font-weight: 400;\">A causa de la pand\u00e8mia que estem vivint, i com ja haureu sentit als mitjans de comunicaci\u00f3, aquest curs les entrades als centres educatius han de ser esglaonades i per portes diferents (sempre que sigui possible). Tot procurant que els diversos grups no es trobin, i amb l&#8217;objectiu de mantenir la tra\u00e7abilitat de l\u2019alumnat, tal com demanen els departaments d&#8217;Educaci\u00f3 i de Salut.<\/span><\/p>\n<p>Per aquest motiu, hem hagut d&#8217;organitzar un protocol espec\u00edfic d&#8217;entrada de cadascun dels grups.<\/p>\n<p>\u00c9s molt important que llegiu el document annex, en funci\u00f3 del curs que us correspongui, per evitar aglomeracions i que l&#8217;entrada del primer dia d&#8217;escola funcioni correctament. <strong>Pareu atenci\u00f3 tant a l&#8217;horari d&#8217;entrada com al de sortida, per al dia 14.<\/strong><\/p>\n<ul>\n<li><a href=\"https:\/\/drive.google.com\/file\/d\/1wM1tVnmsYT5gLFcJnGU1-XmjJwp749QS\/view?usp=sharing\" target=\"_blank\" rel=\"noopener noreferrer\"><strong>PROTOCOL D&#8217;ENTRADA 14 DE SETEMBRE \u21d2 ALUMNAT D&#8217;ESO<\/strong><\/a><\/li>\n<li><a href=\"https:\/\/drive.google.com\/file\/d\/13PncxLK4fMu0P-YFxFPOOuLHVrSboowd\/view?usp=sharing\" target=\"_blank\" rel=\"noopener noreferrer\"><strong>PROTOCOL D&#8217;ENTRADA 14 DE SETEMBRE \u21d2 ALUMNAT DE BATXILLERAT I CICLES FORMATIUS<\/strong><\/a><\/li>\n<\/ul>\n<p>En aquesta sessi\u00f3 de presentaci\u00f3 (dia 14 de setembre), explicarem als alumnes el funcionament habitual de les entrades i sortides del seu grup estable, aix\u00ed com totes les mesures de prevenci\u00f3 que haurem de prendre al llarg del curs per evitar contagis i garantir la seguretat a l&#8217;institut.<\/p>\n<p>Ara \u00e9s m\u00e9s important que mai la implicaci\u00f3 de tothom. \u00c9s per aix\u00f2 que us demanem m\u00e0xima puntualitat, tant a les entrades com a les sortides, i que tots col\u00b7laborem en mantenir les mesures b\u00e0siques de prevenci\u00f3: rentat de mans, dist\u00e0ncia i mascareta.<\/p>\n<p>Ja tenim ganes de tornar-vos a veure!<\/p>\n","protected":false},"excerpt":{"rendered":"<p><a href=\"https:\/\/agora.xtec.cat\/iesalella\/wp-content\/uploads\/usu119\/2020\/09\/coronavirus-4981176_1920.png\"><\/a>Imatge de Pixabay.com<br \/>\nEl proper dilluns, dia 14, tindran lloc les presentacions del nou curs amb cadascun dels grups classe.<br \/>\nA causa de la pand\u00e8mia que estem vivint, i com ja haureu sentit als mitjans de comunicaci\u00f3, aquest curs les entrades als centres educatius han de&hellip;  <a href=\"https:\/\/agora.xtec.cat\/iesalella\/portada\/curs-20-21-com-entrarem-a-linstitut-el-dia-14-de-setembre\/\" title=\"Read Curs 20-21. Com entrarem a l&#8217;institut el dia 14 de setembre?\">Llegeix m\u00e9s\u00bb<\/a><\/p>\n","protected":false},"author":1,"featured_media":5965,"comment_status":"open","ping_status":"closed","sticky":false,"template":"","format":"standard","meta":{"_bbp_topic_count":0,"_bbp_reply_count":0,"_bbp_total_topic_count":0,"_bbp_total_reply_count":0,"_bbp_voice_count":0,"_bbp_anonymous_reply_count":0,"_bbp_topic_count_hidden":0,"_bbp_reply_count_hidden":0,"_bbp_forum_subforum_count":0,"footnotes":""},"categories":[29],"tags":[],"class_list":["post-5961","post","type-post","status-publish","format-standard","has-post-thumbnail","hentry","category-portada"],"post_mailing_queue_ids":[],"_links":{"self":[{"href":"https:\/\/agora.xtec.cat\/iesalella\/wp-json\/wp\/v2\/posts\/5961","targetHints":{"allow":["GET"]}}],"collection":[{"href":"https:\/\/agora.xtec.cat\/iesalella\/wp-json\/wp\/v2\/posts"}],"about":[{"href":"https:\/\/agora.xtec.cat\/iesalella\/wp-json\/wp\/v2\/types\/post"}],"author":[{"embeddable":true,"href":"https:\/\/agora.xtec.cat\/iesalella\/wp-json\/wp\/v2\/users\/1"}],"replies":[{"embeddable":true,"href":"https:\/\/agora.xtec.cat\/iesalella\/wp-json\/wp\/v2\/comments?post=5961"}],"version-history":[{"count":3,"href":"https:\/\/agora.xtec.cat\/iesalella\/wp-json\/wp\/v2\/posts\/5961\/revisions"}],"predecessor-version":[{"id":5970,"href":"https:\/\/agora.xtec.cat\/iesalella\/wp-json\/wp\/v2\/posts\/5961\/revisions\/5970"}],"wp:featuredmedia":[{"embeddable":true,"href":"https:\/\/agora.xtec.cat\/iesalella\/wp-json\/wp\/v2\/media\/5965"}],"wp:attachment":[{"href":"https:\/\/agora.xtec.cat\/iesalella\/wp-json\/wp\/v2\/media?parent=5961"}],"wp:term":[{"taxonomy":"category","embeddable":true,"href":"https:\/\/agora.xtec.cat\/iesalella\/wp-json\/wp\/v2\/categories?post=5961"},{"taxonomy":"post_tag","embeddable":true,"href":"https:\/\/agora.xtec.cat\/iesalella\/wp-json\/wp\/v2\/tags?post=5961"}],"curies":[{"name":"wp","href":"https:\/\/api.w.org\/{rel}","templated":true}]}}