{"id":5939,"date":"2020-09-04T18:48:54","date_gmt":"2020-09-04T16:48:54","guid":{"rendered":"https:\/\/agora.xtec.cat\/iesalella\/?p=5939"},"modified":"2020-09-04T18:48:54","modified_gmt":"2020-09-04T16:48:54","slug":"curs-20-21-estem-preparats-per-al-nou-curs","status":"publish","type":"post","link":"https:\/\/agora.xtec.cat\/iesalella\/portada\/curs-20-21-estem-preparats-per-al-nou-curs\/","title":{"rendered":"Curs 20-21. Estem preparats per al nou curs."},"content":{"rendered":"<p>Benvolgudes fam\u00edlies,<\/p>\n<p>El dia 14 de setembre iniciem el curs 2020-21 que ve marcat de manera inevitable per l&#8217;evoluci\u00f3 de la COVID-19. Us volem fer arribar una petita guia que pret\u00e9n informar-vos de les principals novetats. L&#8217;INS Alella ha posat les bases per tal que el curs 2020-21 es pugui reprendre, buscant l&#8217;equilibri, amb les m\u00e0ximes garanties, entre la protecci\u00f3 de la salut de l&#8217;alumnat i treballadors de l&#8217;institut i el dret de tots els joves a una educaci\u00f3 de qualitat.<\/p>\n<p>Us adjuntem sis documents que us han de servir de guia per aquest inici de curs.<\/p>\n<p><a href=\"https:\/\/agora.xtec.cat\/iesalella\/wp-content\/uploads\/usu119\/2020\/09\/Informacions_inici_curs_2021.pdf\" target=\"_blank\" rel=\"noopener noreferrer\">Informacions_inici_curs_2021<\/a><\/p>\n<p><a href=\"https:\/\/agora.xtec.cat\/iesalella\/wp-content\/uploads\/usu119\/2020\/09\/Salut-_-Escola-CARTA-Families.pdf\" target=\"_blank\" rel=\"noopener noreferrer\">Salut _ Escola CARTA Families<\/a><\/p>\n<p><a href=\"https:\/\/agora.xtec.cat\/iesalella\/wp-content\/uploads\/usu119\/2020\/09\/Salut-_-Escola-Annex-Families.pdf\" target=\"_blank\" rel=\"noopener noreferrer\">Salut _ Escola Annex Families<\/a><\/p>\n<p><a href=\"https:\/\/agora.xtec.cat\/iesalella\/wp-content\/uploads\/usu119\/2020\/09\/Pla_obertura_INS_ALELLA_2021_prov.pdf\" target=\"_blank\" rel=\"noopener noreferrer\">Pla_obertura_INS_ALELLA_2021_prov<\/a><\/p>\n<p><a href=\"https:\/\/agora.xtec.cat\/iesalella\/wp-content\/uploads\/usu119\/2020\/09\/Servei-Cantina-escrit-inici-curs.docx\" target=\"_blank\" rel=\"noopener noreferrer\">Servei Cantina-escrit inici curs<\/a><\/p>\n<p><a href=\"https:\/\/agora.xtec.cat\/iesalella\/wp-content\/uploads\/usu119\/2020\/09\/inscripcions-Cantina-2020-21.docx\" target=\"_blank\" rel=\"noopener noreferrer\">inscripcions Cantina 2020-21<\/a><\/p>\n<p>&nbsp;<\/p>\n<p>Us recordem que l\u2019horari de presentacions previst pel 14 de setembre \u00e9s:<\/p>\n<p>1r ESO. De 9:15h a 11:30h<\/p>\n<p>2n ESO. De 9:45h a 11:45h<\/p>\n<p>3r ESO. De 10:15h a 12:00h.<\/p>\n<p>4t ESO. De 10:45h a 12:30h.<\/p>\n<p>1r bat i 1r CFGM. D\u2019 11:30h a 13h.<\/p>\n<p>2n bat i 2n CFGM. De 12:00h a 13:30h.<\/p>\n<p>Finalment us volem demanar que seguiu totes les recomanacions d&#8217;higiene i seguretat que dicten els departaments de salut i d&#8217;educaci\u00f3 de la Generalitat de Catalunya, per fer de l&#8217;institut un espai segur davant la COVID-19.<\/p>\n<p>Us agra\u00efm la vostra col\u00b7laboraci\u00f3.<\/p>\n<p>Atentament.<\/p>\n<p>Equip directiu de l\u2019INS Alella<\/p>\n","protected":false},"excerpt":{"rendered":"<p>Benvolgudes fam\u00edlies,<br \/>\nEl dia 14 de setembre iniciem el curs 2020-21 que ve marcat de manera inevitable per l&#8217;evoluci\u00f3 de la COVID-19. Us volem fer arribar una petita guia que pret\u00e9n informar-vos de les principals novetats. L&#8217;INS Alella ha posat les bases per tal que el&hellip;  <a href=\"https:\/\/agora.xtec.cat\/iesalella\/portada\/curs-20-21-estem-preparats-per-al-nou-curs\/\" title=\"Read Curs 20-21. Estem preparats per al nou curs.\">Llegeix m\u00e9s\u00bb<\/a><\/p>\n","protected":false},"author":1,"featured_media":0,"comment_status":"open","ping_status":"closed","sticky":false,"template":"","format":"standard","meta":{"_bbp_topic_count":0,"_bbp_reply_count":0,"_bbp_total_topic_count":0,"_bbp_total_reply_count":0,"_bbp_voice_count":0,"_bbp_anonymous_reply_count":0,"_bbp_topic_count_hidden":0,"_bbp_reply_count_hidden":0,"_bbp_forum_subforum_count":0,"footnotes":""},"categories":[29],"tags":[],"class_list":["post-5939","post","type-post","status-publish","format-standard","hentry","category-portada"],"post_mailing_queue_ids":[],"_links":{"self":[{"href":"https:\/\/agora.xtec.cat\/iesalella\/wp-json\/wp\/v2\/posts\/5939","targetHints":{"allow":["GET"]}}],"collection":[{"href":"https:\/\/agora.xtec.cat\/iesalella\/wp-json\/wp\/v2\/posts"}],"about":[{"href":"https:\/\/agora.xtec.cat\/iesalella\/wp-json\/wp\/v2\/types\/post"}],"author":[{"embeddable":true,"href":"https:\/\/agora.xtec.cat\/iesalella\/wp-json\/wp\/v2\/users\/1"}],"replies":[{"embeddable":true,"href":"https:\/\/agora.xtec.cat\/iesalella\/wp-json\/wp\/v2\/comments?post=5939"}],"version-history":[{"count":3,"href":"https:\/\/agora.xtec.cat\/iesalella\/wp-json\/wp\/v2\/posts\/5939\/revisions"}],"predecessor-version":[{"id":5948,"href":"https:\/\/agora.xtec.cat\/iesalella\/wp-json\/wp\/v2\/posts\/5939\/revisions\/5948"}],"wp:attachment":[{"href":"https:\/\/agora.xtec.cat\/iesalella\/wp-json\/wp\/v2\/media?parent=5939"}],"wp:term":[{"taxonomy":"category","embeddable":true,"href":"https:\/\/agora.xtec.cat\/iesalella\/wp-json\/wp\/v2\/categories?post=5939"},{"taxonomy":"post_tag","embeddable":true,"href":"https:\/\/agora.xtec.cat\/iesalella\/wp-json\/wp\/v2\/tags?post=5939"}],"curies":[{"name":"wp","href":"https:\/\/api.w.org\/{rel}","templated":true}]}}