{"id":5885,"date":"2020-07-20T17:37:39","date_gmt":"2020-07-20T15:37:39","guid":{"rendered":"https:\/\/agora.xtec.cat\/iesalella\/?p=5885"},"modified":"2020-07-20T17:46:25","modified_gmt":"2020-07-20T15:46:25","slug":"curs-2020-2021-llibres-cfgm-activitats-comercials","status":"publish","type":"post","link":"https:\/\/agora.xtec.cat\/iesalella\/portada\/curs-2020-2021-llibres-cfgm-activitats-comercials\/","title":{"rendered":"Curs 2020 &#8211; 2021: Llibres del cicle formatiu d&#8217;Activitats comercials"},"content":{"rendered":"<p>Aqu\u00ed teniu el llistat dels llibres per al cicle formatiu de grau mitj\u00e0 d&#8217;Activitats comercials del curs vinent.<\/p>\n<ul>\n<li style=\"text-align: left;\"><b>1r curs &#8211; CFGM d\u2019ACTIVITATS COMERCIALS<\/b><b>\u00a0<\/b><\/li>\n<\/ul>\n<table>\n<tbody>\n<tr>\n<td><b>T\u00cdTOL<\/b><\/td>\n<td><b>EDITORIAL<\/b><\/td>\n<td><b>ISBN<\/b><\/td>\n<\/tr>\n<tr>\n<td><span style=\"font-weight: 400;\">VENTA T\u00c9CNICA<\/span><\/td>\n<td><span style=\"font-weight: 400;\">MCGRAW HILL<\/span><\/td>\n<td><span style=\"font-weight: 400;\">978-84-481-9676-9<\/span><\/td>\n<\/tr>\n<tr>\n<td><span style=\"font-weight: 400;\">PROCESOS DE VENTA (1r i 2n curs)<\/span><\/td>\n<td><span style=\"font-weight: 400;\">MCGRAW HILL<\/span><\/td>\n<td><span style=\"font-weight: 400;\">978-84-481-9163-4<\/span><\/td>\n<\/tr>\n<tr>\n<td><span style=\"font-weight: 400;\">T\u00c9CNICAS DE ALMAC\u00c9N<\/span><\/td>\n<td><span style=\"font-weight: 400;\">MCGRAW HILL<\/span><\/td>\n<td><span style=\"font-weight: 400;\">978-84-481-8419-3<\/span><\/td>\n<\/tr>\n<tr>\n<td><span style=\"font-weight: 400;\">MARKETING EN LA ACTIVIDAD COMERCIAL<\/span><\/td>\n<td><span style=\"font-weight: 400;\">MCGRAW HILL<\/span><\/td>\n<td><span style=\"font-weight: 400;\">978-84-481-9358-4<\/span><\/td>\n<\/tr>\n<tr>\n<td><span style=\"font-weight: 400;\">GESTI\u00d3N DE UN PEQUE\u00d1O COMERCIO ( Grau mitj\u00e0, 1r i 2n curs)<\/span><\/td>\n<td><span style=\"font-weight: 400;\">MCGRAW HILL<\/span><\/td>\n<td><span style=\"font-weight: 400;\">978-84-481-8445-2<\/span><\/td>\n<\/tr>\n<tr>\n<td><span style=\"font-weight: 400;\">DINAMIZACI\u00d3N DEL PUNTO DE VENTA (1r i 2n curs)<\/span><\/td>\n<td><span style=\"font-weight: 400;\">MCGRAW HILL<\/span><\/td>\n<td><span style=\"font-weight: 400;\">978-84-481-8339-4<\/span><\/td>\n<\/tr>\n<\/tbody>\n<\/table>\n<ul>\n<li><b>2n curs &#8211; CFGM d&#8217;ACTIVITATS COMERCIALS\u00a0<\/b><\/li>\n<\/ul>\n<table>\n<tbody>\n<tr>\n<td><b>T\u00cdTOL<\/b><\/td>\n<td><b>EDITORIAL<\/b><\/td>\n<td><b>ISBN<\/b><\/td>\n<\/tr>\n<tr>\n<td><span style=\"font-weight: 400;\">ATENCI\u00d3N COMERCIAL<\/span><\/td>\n<td><span style=\"font-weight: 400;\">MCGRAW HILL<\/span><\/td>\n<td><span style=\"font-weight: 400;\">978-84-481-9680-6<\/span><\/td>\n<\/tr>\n<tr>\n<td><span style=\"font-weight: 400;\">COMER\u00c7 ELECTR\u00d2NIC<\/span><\/td>\n<td><span style=\"font-weight: 400;\">MCGRAW HILL<\/span><\/td>\n<td><span style=\"font-weight: 400;\">978-84-481-9684-4<\/span><\/td>\n<\/tr>\n<tr>\n<td><span style=\"font-weight: 400;\">GESTI\u00d3N DE COMPRAS<\/span><\/td>\n<td><span style=\"font-weight: 400;\">MCGRAW HILL<\/span><\/td>\n<td><span style=\"font-weight: 400;\">978-84-481-9360-7<\/span><\/td>\n<\/tr>\n<\/tbody>\n<\/table>\n<p>&nbsp;<\/p>\n<p>Per descarregar-vos el llistat dels llibres en pdf, entreu en\u00a0<strong><a href=\"https:\/\/drive.google.com\/file\/d\/1fzpzqU-SCCI9RUsIpX56U8t-uhilhOl3\/view?usp=sharing\" target=\"_blank\" rel=\"noopener noreferrer\">AQUEST ENLLA\u00c7<\/a><\/strong><\/p>\n","protected":false},"excerpt":{"rendered":"<p>Aqu\u00ed teniu el llistat dels llibres per al cicle formatiu de grau mitj\u00e0 d&#8217;Activitats comercials del curs vinent.<\/p>\n<ul>\n<li style=\"text-align: left;\">1r curs &#8211; CFGM d\u2019ACTIVITATS COMERCIALS\u00a0<\/li>\n<\/ul>\n<p>T\u00cdTOL<br \/>\nEDITORIAL<br \/>\nISBN<\/p>\n<p>VENTA T\u00c9CNICA<br \/>\nMCGRAW HILL<br \/>\n978-84-481-9676-9<\/p>\n<p>PROCESOS DE VENTA (1r i 2n curs)<br \/>\nMCGRAW HILL<br \/>\n978-84-481-9163-4<\/p>\n<p>T\u00c9CNICAS DE ALMAC\u00c9N<br \/>\nMCGRAW HILL<br \/>\n978-84-481-8419-3<\/p>\n<p>MARKETING EN LA ACTIVIDAD COMERCIAL<br \/>\nMCGRAW HILL<br \/>\n978-84-481-9358-4<\/p>\n<p>GESTI\u00d3N DE UN PEQUE\u00d1O&hellip;  <a href=\"https:\/\/agora.xtec.cat\/iesalella\/portada\/curs-2020-2021-llibres-cfgm-activitats-comercials\/\" title=\"Read Curs 2020 &#8211; 2021: Llibres del cicle formatiu d&#8217;Activitats comercials\">Llegeix m\u00e9s\u00bb<\/a><\/p>\n","protected":false},"author":1,"featured_media":0,"comment_status":"open","ping_status":"closed","sticky":false,"template":"","format":"standard","meta":{"_bbp_topic_count":0,"_bbp_reply_count":0,"_bbp_total_topic_count":0,"_bbp_total_reply_count":0,"_bbp_voice_count":0,"_bbp_anonymous_reply_count":0,"_bbp_topic_count_hidden":0,"_bbp_reply_count_hidden":0,"_bbp_forum_subforum_count":0,"footnotes":""},"categories":[29],"tags":[],"class_list":["post-5885","post","type-post","status-publish","format-standard","hentry","category-portada"],"post_mailing_queue_ids":[],"_links":{"self":[{"href":"https:\/\/agora.xtec.cat\/iesalella\/wp-json\/wp\/v2\/posts\/5885","targetHints":{"allow":["GET"]}}],"collection":[{"href":"https:\/\/agora.xtec.cat\/iesalella\/wp-json\/wp\/v2\/posts"}],"about":[{"href":"https:\/\/agora.xtec.cat\/iesalella\/wp-json\/wp\/v2\/types\/post"}],"author":[{"embeddable":true,"href":"https:\/\/agora.xtec.cat\/iesalella\/wp-json\/wp\/v2\/users\/1"}],"replies":[{"embeddable":true,"href":"https:\/\/agora.xtec.cat\/iesalella\/wp-json\/wp\/v2\/comments?post=5885"}],"version-history":[{"count":3,"href":"https:\/\/agora.xtec.cat\/iesalella\/wp-json\/wp\/v2\/posts\/5885\/revisions"}],"predecessor-version":[{"id":5893,"href":"https:\/\/agora.xtec.cat\/iesalella\/wp-json\/wp\/v2\/posts\/5885\/revisions\/5893"}],"wp:attachment":[{"href":"https:\/\/agora.xtec.cat\/iesalella\/wp-json\/wp\/v2\/media?parent=5885"}],"wp:term":[{"taxonomy":"category","embeddable":true,"href":"https:\/\/agora.xtec.cat\/iesalella\/wp-json\/wp\/v2\/categories?post=5885"},{"taxonomy":"post_tag","embeddable":true,"href":"https:\/\/agora.xtec.cat\/iesalella\/wp-json\/wp\/v2\/tags?post=5885"}],"curies":[{"name":"wp","href":"https:\/\/api.w.org\/{rel}","templated":true}]}}