{"id":5591,"date":"2020-05-07T17:54:35","date_gmt":"2020-05-07T15:54:35","guid":{"rendered":"https:\/\/agora.xtec.cat\/iesalella\/?p=5591"},"modified":"2020-05-08T00:28:12","modified_gmt":"2020-05-07T22:28:12","slug":"tens-clar-que-vols-estudiar-el-curs-vinent","status":"publish","type":"post","link":"https:\/\/agora.xtec.cat\/iesalella\/general\/tens-clar-que-vols-estudiar-el-curs-vinent\/","title":{"rendered":"Tens clar qu\u00e8 vols estudiar el curs vinent? Entra a la Jornada de Portes Obertes virtual!"},"content":{"rendered":"<p style=\"text-align: left;\">El curs 2019-2020 est\u00e0 a punt d&#8217;acabar, encara que sigui de manera excepcional, i cal planificar qu\u00e8 fareu el proper curs.<\/p>\n<p>Potser encara no tens clar qu\u00e8 vols estudiar el curs vinent&#8230; O potser ja ho tens clar\u00edssim! Batxillerat? Cicle formatiu de Grau mitj\u00e0? Cicle formatiu de Grau superior? Aquest any no hem pogut fer la Jornada de Portes Obertes, de forma presencial, per\u00f2 us hem preparat unes presentacions de totes les opcions que podeu trobar a l&#8217;Ins Alella. Sigui quina sigui la teva, fes clic a la imatge i obtindr\u00e0s tota la informaci\u00f3 detallada perqu\u00e8 no et quedi cap dubte.<\/p>\n<p>Aqu\u00ed pots fer la Jornada de Portes Obertes de forma virtual, ens acompanyes?<\/p>\n<table style=\"width: 742px; height: 326px;\">\n<tbody>\n<tr style=\"height: 345px;\">\n<td style=\"width: 245.556px; height: 345px;\"><a href=\"https:\/\/agora.xtec.cat\/iesalella\/estudis\/batxillerat-2\/\"><img loading=\"lazy\" decoding=\"async\" class=\"aligncenter size-medium wp-image-5598\" src=\"https:\/\/agora.xtec.cat\/iesalella\/wp-content\/uploads\/usu119\/2020\/05\/BTX2020_alumnes-final-300x225.jpg\" alt=\"\" width=\"300\" height=\"225\" srcset=\"https:\/\/agora.xtec.cat\/iesalella\/wp-content\/uploads\/usu119\/2020\/05\/BTX2020_alumnes-final-300x225.jpg 300w, https:\/\/agora.xtec.cat\/iesalella\/wp-content\/uploads\/usu119\/2020\/05\/BTX2020_alumnes-final-768x576.jpg 768w, https:\/\/agora.xtec.cat\/iesalella\/wp-content\/uploads\/usu119\/2020\/05\/BTX2020_alumnes-final-200x150.jpg 200w, https:\/\/agora.xtec.cat\/iesalella\/wp-content\/uploads\/usu119\/2020\/05\/BTX2020_alumnes-final.jpg 960w\" sizes=\"auto, (max-width: 300px) 100vw, 300px\" \/><\/a><\/td>\n<td style=\"width: 250px; height: 345px;\"><a href=\"https:\/\/agora.xtec.cat\/iesalella\/estudis\/formacio-professional\/grau-mitja\/\"><img loading=\"lazy\" decoding=\"async\" class=\"size-medium wp-image-5230 aligncenter\" src=\"https:\/\/agora.xtec.cat\/iesalella\/wp-content\/uploads\/usu119\/2019\/04\/cartell-CFGM-Edited-212x300.jpg\" alt=\"\" width=\"212\" height=\"300\" srcset=\"https:\/\/agora.xtec.cat\/iesalella\/wp-content\/uploads\/usu119\/2019\/04\/cartell-CFGM-Edited-212x300.jpg 212w, https:\/\/agora.xtec.cat\/iesalella\/wp-content\/uploads\/usu119\/2019\/04\/cartell-CFGM-Edited-768x1086.jpg 768w, https:\/\/agora.xtec.cat\/iesalella\/wp-content\/uploads\/usu119\/2019\/04\/cartell-CFGM-Edited-724x1024.jpg 724w\" sizes=\"auto, (max-width: 212px) 100vw, 212px\" \/><\/a><\/td>\n<td style=\"width: 241.111px; height: 345px;\"><a href=\"https:\/\/agora.xtec.cat\/iesalella\/estudis\/formacio-professional\/grau-superior\/\"><img loading=\"lazy\" decoding=\"async\" class=\"size-medium wp-image-5238 aligncenter\" src=\"https:\/\/agora.xtec.cat\/iesalella\/wp-content\/uploads\/usu119\/2019\/04\/cartell-CFGS-Edited-212x300.jpg\" alt=\"\" width=\"212\" height=\"300\" srcset=\"https:\/\/agora.xtec.cat\/iesalella\/wp-content\/uploads\/usu119\/2019\/04\/cartell-CFGS-Edited-212x300.jpg 212w, https:\/\/agora.xtec.cat\/iesalella\/wp-content\/uploads\/usu119\/2019\/04\/cartell-CFGS-Edited-768x1086.jpg 768w, https:\/\/agora.xtec.cat\/iesalella\/wp-content\/uploads\/usu119\/2019\/04\/cartell-CFGS-Edited-724x1024.jpg 724w\" sizes=\"auto, (max-width: 212px) 100vw, 212px\" \/><\/a><\/td>\n<\/tr>\n<\/tbody>\n<\/table>\n<p>Si necessites m\u00e9s informaci\u00f3, pots escriure un correu-e a:<\/p>\n<ul>\n<li><strong>Batxillerat:<\/strong> <a href=\"mailto:iesalella@xtec.cat\">iesalella@xtec.cat<\/a><\/li>\n<li><strong>Cicles formatius:<\/strong> <a href=\"mailto:ciclesformatius@insalella.cat\">ciclesformatius@insalella.cat<\/a><\/li>\n<\/ul>\n","protected":false},"excerpt":{"rendered":"<p>El curs 2019-2020 est\u00e0 a punt d&#8217;acabar, encara que sigui de manera excepcional, i cal planificar qu\u00e8 fareu el proper curs.<br \/>\nPotser encara no tens clar qu\u00e8 vols estudiar el curs vinent&#8230; O potser ja ho tens clar\u00edssim! Batxillerat? Cicle formatiu de Grau mitj\u00e0? Cicle formatiu&hellip;  <a href=\"https:\/\/agora.xtec.cat\/iesalella\/general\/tens-clar-que-vols-estudiar-el-curs-vinent\/\" title=\"Read Tens clar qu\u00e8 vols estudiar el curs vinent? Entra a la Jornada de Portes Obertes virtual!\">Llegeix m\u00e9s\u00bb<\/a><\/p>\n","protected":false},"author":1,"featured_media":0,"comment_status":"open","ping_status":"closed","sticky":false,"template":"","format":"standard","meta":{"_bbp_topic_count":0,"_bbp_reply_count":0,"_bbp_total_topic_count":0,"_bbp_total_reply_count":0,"_bbp_voice_count":0,"_bbp_anonymous_reply_count":0,"_bbp_topic_count_hidden":0,"_bbp_reply_count_hidden":0,"_bbp_forum_subforum_count":0,"footnotes":""},"categories":[1,119,29],"tags":[],"class_list":["post-5591","post","type-post","status-publish","format-standard","hentry","category-general","category-institut","category-portada"],"post_mailing_queue_ids":[],"_links":{"self":[{"href":"https:\/\/agora.xtec.cat\/iesalella\/wp-json\/wp\/v2\/posts\/5591","targetHints":{"allow":["GET"]}}],"collection":[{"href":"https:\/\/agora.xtec.cat\/iesalella\/wp-json\/wp\/v2\/posts"}],"about":[{"href":"https:\/\/agora.xtec.cat\/iesalella\/wp-json\/wp\/v2\/types\/post"}],"author":[{"embeddable":true,"href":"https:\/\/agora.xtec.cat\/iesalella\/wp-json\/wp\/v2\/users\/1"}],"replies":[{"embeddable":true,"href":"https:\/\/agora.xtec.cat\/iesalella\/wp-json\/wp\/v2\/comments?post=5591"}],"version-history":[{"count":4,"href":"https:\/\/agora.xtec.cat\/iesalella\/wp-json\/wp\/v2\/posts\/5591\/revisions"}],"predecessor-version":[{"id":5624,"href":"https:\/\/agora.xtec.cat\/iesalella\/wp-json\/wp\/v2\/posts\/5591\/revisions\/5624"}],"wp:attachment":[{"href":"https:\/\/agora.xtec.cat\/iesalella\/wp-json\/wp\/v2\/media?parent=5591"}],"wp:term":[{"taxonomy":"category","embeddable":true,"href":"https:\/\/agora.xtec.cat\/iesalella\/wp-json\/wp\/v2\/categories?post=5591"},{"taxonomy":"post_tag","embeddable":true,"href":"https:\/\/agora.xtec.cat\/iesalella\/wp-json\/wp\/v2\/tags?post=5591"}],"curies":[{"name":"wp","href":"https:\/\/api.w.org\/{rel}","templated":true}]}}