{"id":5507,"date":"2020-03-12T18:02:20","date_gmt":"2020-03-12T17:02:20","guid":{"rendered":"https:\/\/agora.xtec.cat\/iesalella\/?p=5507"},"modified":"2020-03-12T18:13:28","modified_gmt":"2020-03-12T17:13:28","slug":"tancament-de-linstitut-a-partir-de-dema-divendres-13-de-marc","status":"publish","type":"post","link":"https:\/\/agora.xtec.cat\/iesalella\/general\/tancament-de-linstitut-a-partir-de-dema-divendres-13-de-marc\/","title":{"rendered":"Tancament de l&#8217;Institut a partir de dem\u00e0, divendres 13 de mar\u00e7"},"content":{"rendered":"<p dir=\"auto\"><a href=\"https:\/\/agora.xtec.cat\/iesalella\/wp-content\/uploads\/usu119\/2020\/03\/atencion-Edited.jpg\"><img loading=\"lazy\" decoding=\"async\" class=\"size-thumbnail wp-image-5511 alignleft\" src=\"https:\/\/agora.xtec.cat\/iesalella\/wp-content\/uploads\/usu119\/2020\/03\/atencion-Edited-150x150.jpg\" alt=\"\" width=\"150\" height=\"150\" \/><\/a>Seguint les instruccions del Departament de Salut, i com a mesura excepcional per contenir el Coronavirus, el Departament d&#8217;Educaci\u00f3 ha decidit tancar els centres educatius a partir de dem\u00e0, divendres 13 de mar\u00e7 de 2020. Per tant, queden suspeses les classes en horari lectiu i les activitats extraescolars.<\/p>\n<p dir=\"auto\">Podeu llegir el comunicat enviat via Esemtia a totes les fam\u00edlies <a href=\"https:\/\/drive.google.com\/open?id=1WOqkQH1kOYEKBpyBoFnUmXmvdT2euXyu\">AQU\u00cd<\/a><\/p>\n<p dir=\"auto\">Anirem actualitzant tota la informaci\u00f3 relacionada amb aquest tema mitjan\u00e7ant els nostres canals de comunicaci\u00f3 habituals (Esemtia, web i xarxes socials). Manteniu-vos atents a aquests canals de comunicaci\u00f3. Agra\u00efm la vostra comprensi\u00f3 i col\u00b7laboraci\u00f3.<\/p>\n","protected":false},"excerpt":{"rendered":"<p><a href=\"https:\/\/agora.xtec.cat\/iesalella\/wp-content\/uploads\/usu119\/2020\/03\/atencion-Edited.jpg\"><\/a>Seguint les instruccions del Departament de Salut, i com a mesura excepcional per contenir el Coronavirus, el Departament d&#8217;Educaci\u00f3 ha decidit tancar els centres educatius a partir de dem\u00e0, divendres 13 de mar\u00e7 de 2020. Per tant, queden suspeses les classes en horari lectiu&hellip;  <a href=\"https:\/\/agora.xtec.cat\/iesalella\/general\/tancament-de-linstitut-a-partir-de-dema-divendres-13-de-marc\/\" title=\"Read Tancament de l&#8217;Institut a partir de dem\u00e0, divendres 13 de mar\u00e7\">Llegeix m\u00e9s\u00bb<\/a><\/p>\n","protected":false},"author":1,"featured_media":5511,"comment_status":"open","ping_status":"closed","sticky":false,"template":"","format":"standard","meta":{"_bbp_topic_count":0,"_bbp_reply_count":0,"_bbp_total_topic_count":0,"_bbp_total_reply_count":0,"_bbp_voice_count":0,"_bbp_anonymous_reply_count":0,"_bbp_topic_count_hidden":0,"_bbp_reply_count_hidden":0,"_bbp_forum_subforum_count":0,"footnotes":""},"categories":[1,119,29],"tags":[],"class_list":["post-5507","post","type-post","status-publish","format-standard","has-post-thumbnail","hentry","category-general","category-institut","category-portada"],"post_mailing_queue_ids":[],"_links":{"self":[{"href":"https:\/\/agora.xtec.cat\/iesalella\/wp-json\/wp\/v2\/posts\/5507","targetHints":{"allow":["GET"]}}],"collection":[{"href":"https:\/\/agora.xtec.cat\/iesalella\/wp-json\/wp\/v2\/posts"}],"about":[{"href":"https:\/\/agora.xtec.cat\/iesalella\/wp-json\/wp\/v2\/types\/post"}],"author":[{"embeddable":true,"href":"https:\/\/agora.xtec.cat\/iesalella\/wp-json\/wp\/v2\/users\/1"}],"replies":[{"embeddable":true,"href":"https:\/\/agora.xtec.cat\/iesalella\/wp-json\/wp\/v2\/comments?post=5507"}],"version-history":[{"count":3,"href":"https:\/\/agora.xtec.cat\/iesalella\/wp-json\/wp\/v2\/posts\/5507\/revisions"}],"predecessor-version":[{"id":5513,"href":"https:\/\/agora.xtec.cat\/iesalella\/wp-json\/wp\/v2\/posts\/5507\/revisions\/5513"}],"wp:featuredmedia":[{"embeddable":true,"href":"https:\/\/agora.xtec.cat\/iesalella\/wp-json\/wp\/v2\/media\/5511"}],"wp:attachment":[{"href":"https:\/\/agora.xtec.cat\/iesalella\/wp-json\/wp\/v2\/media?parent=5507"}],"wp:term":[{"taxonomy":"category","embeddable":true,"href":"https:\/\/agora.xtec.cat\/iesalella\/wp-json\/wp\/v2\/categories?post=5507"},{"taxonomy":"post_tag","embeddable":true,"href":"https:\/\/agora.xtec.cat\/iesalella\/wp-json\/wp\/v2\/tags?post=5507"}],"curies":[{"name":"wp","href":"https:\/\/api.w.org\/{rel}","templated":true}]}}