{"id":5475,"date":"2020-02-20T14:25:16","date_gmt":"2020-02-20T13:25:16","guid":{"rendered":"https:\/\/agora.xtec.cat\/iesalella\/?p=5475"},"modified":"2020-02-20T14:31:44","modified_gmt":"2020-02-20T13:31:44","slug":"jornada-de-portes-obertes-deso-3-de-marc","status":"publish","type":"post","link":"https:\/\/agora.xtec.cat\/iesalella\/portada\/jornada-de-portes-obertes-deso-3-de-marc\/","title":{"rendered":"Jornada de Portes Obertes d&#8217;ESO &#8211; 3 de mar\u00e7"},"content":{"rendered":"<p><a href=\"https:\/\/agora.xtec.cat\/iesalella\/wp-content\/uploads\/usu119\/2020\/02\/2020-02-17_portes-obertes.jpg\"><img loading=\"lazy\" decoding=\"async\" class=\"alignleft wp-image-5476\" src=\"https:\/\/agora.xtec.cat\/iesalella\/wp-content\/uploads\/usu119\/2020\/02\/2020-02-17_portes-obertes.jpg\" alt=\"\" width=\"205\" height=\"290\" srcset=\"https:\/\/agora.xtec.cat\/iesalella\/wp-content\/uploads\/usu119\/2020\/02\/2020-02-17_portes-obertes.jpg 1191w, https:\/\/agora.xtec.cat\/iesalella\/wp-content\/uploads\/usu119\/2020\/02\/2020-02-17_portes-obertes-212x300.jpg 212w, https:\/\/agora.xtec.cat\/iesalella\/wp-content\/uploads\/usu119\/2020\/02\/2020-02-17_portes-obertes-768x1086.jpg 768w, https:\/\/agora.xtec.cat\/iesalella\/wp-content\/uploads\/usu119\/2020\/02\/2020-02-17_portes-obertes-724x1024.jpg 724w\" sizes=\"auto, (max-width: 205px) 100vw, 205px\" \/><\/a><a href=\"https:\/\/agora.xtec.cat\/iesalella\/wp-content\/uploads\/usu119\/2020\/02\/2020-02-17_portes-obertes.jpg\"><br \/>\n<\/a><\/p>\n<div>\n<p><strong>El\u00a0 dimarts dia 3 de mar\u00e7 tindr\u00e0 lloc la Jornada de Portes Obertes de l&#8217;Ins Alella<\/strong> adre\u00e7ada a totes les fam\u00edlies que el curs vinent voleu inscriure les vostres filles i fills <strong>a l&#8217;ESO<\/strong>.<\/p>\n<p><strong>Comen\u00e7arem a les 17 hores amb un recorregut guiat per les instal\u00b7lacions del centre<\/strong>, al llarg de la qual podreu veure diversos projectes de tots els \u00e0mbits educatius, aix\u00ed com les instal\u00b7lacions amb qu\u00e8 compta l&#8217;institut.<\/p>\n<p>Tot seguit, <strong>a les 18 hores, farem una xerrada informativa a la Sala d&#8217;Actes<\/strong>.<\/p>\n<p><strong>Us hi esperem a tots!<\/strong><\/p>\n<\/div>\n<p>&nbsp;<\/p>\n<p>&nbsp;<\/p>\n<p>&nbsp;<\/p>\n","protected":false},"excerpt":{"rendered":"<p><a href=\"https:\/\/agora.xtec.cat\/iesalella\/wp-content\/uploads\/usu119\/2020\/02\/2020-02-17_portes-obertes.jpg\"><\/a><a href=\"https:\/\/agora.xtec.cat\/iesalella\/wp-content\/uploads\/usu119\/2020\/02\/2020-02-17_portes-obertes.jpg\"><br \/>\n<\/a><\/p>\n<p>El\u00a0 dimarts dia 3 de mar\u00e7 tindr\u00e0 lloc la Jornada de Portes Obertes de l&#8217;Ins Alella adre\u00e7ada a totes les fam\u00edlies que el curs vinent voleu inscriure les vostres filles i fills a l&#8217;ESO.<br \/>\nComen\u00e7arem a les 17 hores amb un recorregut guiat per&hellip;  <a href=\"https:\/\/agora.xtec.cat\/iesalella\/portada\/jornada-de-portes-obertes-deso-3-de-marc\/\" title=\"Read Jornada de Portes Obertes d&#8217;ESO &#8211; 3 de mar\u00e7\">Llegeix m\u00e9s\u00bb<\/a><\/p>\n","protected":false},"author":1,"featured_media":5476,"comment_status":"open","ping_status":"closed","sticky":false,"template":"","format":"standard","meta":{"_bbp_topic_count":0,"_bbp_reply_count":0,"_bbp_total_topic_count":0,"_bbp_total_reply_count":0,"_bbp_voice_count":0,"_bbp_anonymous_reply_count":0,"_bbp_topic_count_hidden":0,"_bbp_reply_count_hidden":0,"_bbp_forum_subforum_count":0,"footnotes":""},"categories":[29],"tags":[],"class_list":["post-5475","post","type-post","status-publish","format-standard","has-post-thumbnail","hentry","category-portada"],"post_mailing_queue_ids":[],"_links":{"self":[{"href":"https:\/\/agora.xtec.cat\/iesalella\/wp-json\/wp\/v2\/posts\/5475","targetHints":{"allow":["GET"]}}],"collection":[{"href":"https:\/\/agora.xtec.cat\/iesalella\/wp-json\/wp\/v2\/posts"}],"about":[{"href":"https:\/\/agora.xtec.cat\/iesalella\/wp-json\/wp\/v2\/types\/post"}],"author":[{"embeddable":true,"href":"https:\/\/agora.xtec.cat\/iesalella\/wp-json\/wp\/v2\/users\/1"}],"replies":[{"embeddable":true,"href":"https:\/\/agora.xtec.cat\/iesalella\/wp-json\/wp\/v2\/comments?post=5475"}],"version-history":[{"count":3,"href":"https:\/\/agora.xtec.cat\/iesalella\/wp-json\/wp\/v2\/posts\/5475\/revisions"}],"predecessor-version":[{"id":5483,"href":"https:\/\/agora.xtec.cat\/iesalella\/wp-json\/wp\/v2\/posts\/5475\/revisions\/5483"}],"wp:featuredmedia":[{"embeddable":true,"href":"https:\/\/agora.xtec.cat\/iesalella\/wp-json\/wp\/v2\/media\/5476"}],"wp:attachment":[{"href":"https:\/\/agora.xtec.cat\/iesalella\/wp-json\/wp\/v2\/media?parent=5475"}],"wp:term":[{"taxonomy":"category","embeddable":true,"href":"https:\/\/agora.xtec.cat\/iesalella\/wp-json\/wp\/v2\/categories?post=5475"},{"taxonomy":"post_tag","embeddable":true,"href":"https:\/\/agora.xtec.cat\/iesalella\/wp-json\/wp\/v2\/tags?post=5475"}],"curies":[{"name":"wp","href":"https:\/\/api.w.org\/{rel}","templated":true}]}}