{"id":5415,"date":"2019-11-19T12:34:59","date_gmt":"2019-11-19T11:34:59","guid":{"rendered":"https:\/\/agora.xtec.cat\/iesalella\/?p=5415"},"modified":"2019-11-19T12:42:29","modified_gmt":"2019-11-19T11:42:29","slug":"som-testimonis-dun-fet-excepcional-mercuri-passa-per-davant-del-sol","status":"publish","type":"post","link":"https:\/\/agora.xtec.cat\/iesalella\/general\/som-testimonis-dun-fet-excepcional-mercuri-passa-per-davant-del-sol\/","title":{"rendered":"Som testimonis d&#8217;un fet excepcional: Mercuri passa per davant del sol!"},"content":{"rendered":"<p><a href=\"https:\/\/agora.xtec.cat\/iesalella\/wp-content\/uploads\/usu119\/2019\/11\/IMG-20191115-WA0005.jpg\"><img loading=\"lazy\" decoding=\"async\" class=\"wp-image-5416 alignleft\" src=\"https:\/\/agora.xtec.cat\/iesalella\/wp-content\/uploads\/usu119\/2019\/11\/IMG-20191115-WA0005.jpg\" alt=\"\" width=\"294\" height=\"441\" \/><\/a><\/p>\n<p>El passat dilluns 11 de novembre, organitzat conjuntament amb l&#8217;<a href=\"https:\/\/astroalella.org\/\">Agrupaci\u00f3 d&#8217;Astronomia d&#8217;Alella<\/a>, l&#8217;alumnat de 1r d&#8217;ESO va poder observar un fenomen que nom\u00e9s passa unes tres vegades cada segle: el tr\u00e0nsit de Mercuri davant del Sol.<\/p>\n<p>Aquest tipus d&#8217;observacions s&#8217;han de fer prenent certes mesures de seguretat: no mirar mai directament el Sol, utilitzant material espec\u00edfic i sota supervisi\u00f3 adulta. Gr\u00e0cies a l&#8217;equipament que van portar els membres d&#8217;Astroalella (telescopi i filtres solars adients), i a les professores de l&#8217;Institut, les noies i nois de 1r d&#8217;ESO van poder veure amb tota seguretat i gran visibilitat aquest fenomen excepcional. Va ser tot un privilegi!<\/p>\n<p>El tr\u00e0nsit de Mercuri per davant del Sol no es tornar\u00e0 a repetir fins el novembre de l&#8217;any 2032, i es podia seguir en directe per un enlla\u00e7 proporcionat per la Universitat de Barcelona: <a href=\"http:\/\/mercuri2019.ub.edu\">http:\/\/mercuri2019.ub.edu<\/a><\/p>\n\n\t\t<style type=\"text\/css\">\n\t\t\t#gallery-1 {\n\t\t\t\tmargin: auto;\n\t\t\t}\n\t\t\t#gallery-1 .gallery-item {\n\t\t\t\tfloat: left;\n\t\t\t\tmargin-top: 10px;\n\t\t\t\ttext-align: center;\n\t\t\t\twidth: 33%;\n\t\t\t}\n\t\t\t#gallery-1 img {\n\t\t\t\tborder: 2px solid #cfcfcf;\n\t\t\t}\n\t\t\t#gallery-1 .gallery-caption {\n\t\t\t\tmargin-left: 0;\n\t\t\t}\n\t\t\t\/* see gallery_shortcode() in wp-includes\/media.php *\/\n\t\t<\/style>\n\t\t<div id='gallery-1' class='gallery galleryid-5415 gallery-columns-3 gallery-size-thumbnail'><dl class='gallery-item'>\n\t\t\t<dt class='gallery-icon landscape'>\n\t\t\t\t<a href='https:\/\/agora.xtec.cat\/iesalella\/general\/som-testimonis-dun-fet-excepcional-mercuri-passa-per-davant-del-sol\/attachment\/img-20191115-wa0008\/'><img loading=\"lazy\" decoding=\"async\" width=\"150\" height=\"150\" src=\"https:\/\/agora.xtec.cat\/iesalella\/wp-content\/uploads\/usu119\/2019\/11\/IMG-20191115-WA0008-150x150.jpg\" class=\"attachment-thumbnail size-thumbnail\" alt=\"\" \/><\/a>\n\t\t\t<\/dt><\/dl><dl class='gallery-item'>\n\t\t\t<dt class='gallery-icon landscape'>\n\t\t\t\t<a href='https:\/\/agora.xtec.cat\/iesalella\/general\/som-testimonis-dun-fet-excepcional-mercuri-passa-per-davant-del-sol\/attachment\/img-20191115-wa0007\/'><img loading=\"lazy\" decoding=\"async\" width=\"150\" height=\"150\" src=\"https:\/\/agora.xtec.cat\/iesalella\/wp-content\/uploads\/usu119\/2019\/11\/IMG-20191115-WA0007-150x150.jpg\" class=\"attachment-thumbnail size-thumbnail\" alt=\"\" \/><\/a>\n\t\t\t<\/dt><\/dl><dl class='gallery-item'>\n\t\t\t<dt class='gallery-icon landscape'>\n\t\t\t\t<a href='https:\/\/agora.xtec.cat\/iesalella\/general\/som-testimonis-dun-fet-excepcional-mercuri-passa-per-davant-del-sol\/attachment\/img-20191115-wa0006\/'><img loading=\"lazy\" decoding=\"async\" width=\"150\" height=\"150\" src=\"https:\/\/agora.xtec.cat\/iesalella\/wp-content\/uploads\/usu119\/2019\/11\/IMG-20191115-WA0006-150x150.jpg\" class=\"attachment-thumbnail size-thumbnail\" alt=\"\" \/><\/a>\n\t\t\t<\/dt><\/dl><br style=\"clear: both\" \/>\n\t\t<\/div>\n\n","protected":false},"excerpt":{"rendered":"<p><a href=\"https:\/\/agora.xtec.cat\/iesalella\/wp-content\/uploads\/usu119\/2019\/11\/IMG-20191115-WA0005.jpg\"><\/a><br \/>\nEl passat dilluns 11 de novembre, organitzat conjuntament amb l&#8217;<a href=\"https:\/\/astroalella.org\/\">Agrupaci\u00f3 d&#8217;Astronomia d&#8217;Alella<\/a>, l&#8217;alumnat de 1r d&#8217;ESO va poder observar un fenomen que nom\u00e9s passa unes tres vegades cada segle: el tr\u00e0nsit de Mercuri davant del Sol.<br \/>\nAquest tipus d&#8217;observacions s&#8217;han de fer prenent certes&hellip;  <a href=\"https:\/\/agora.xtec.cat\/iesalella\/general\/som-testimonis-dun-fet-excepcional-mercuri-passa-per-davant-del-sol\/\" title=\"Read Som testimonis d&#8217;un fet excepcional: Mercuri passa per davant del sol!\">Llegeix m\u00e9s\u00bb<\/a><\/p>\n","protected":false},"author":1,"featured_media":5416,"comment_status":"open","ping_status":"closed","sticky":false,"template":"","format":"standard","meta":{"_bbp_topic_count":0,"_bbp_reply_count":0,"_bbp_total_topic_count":0,"_bbp_total_reply_count":0,"_bbp_voice_count":0,"_bbp_anonymous_reply_count":0,"_bbp_topic_count_hidden":0,"_bbp_reply_count_hidden":0,"_bbp_forum_subforum_count":0,"footnotes":""},"categories":[3,4,1,29],"tags":[],"class_list":["post-5415","post","type-post","status-publish","format-standard","has-post-thumbnail","hentry","category-eso","category-eso-1","category-general","category-portada"],"post_mailing_queue_ids":[],"_links":{"self":[{"href":"https:\/\/agora.xtec.cat\/iesalella\/wp-json\/wp\/v2\/posts\/5415","targetHints":{"allow":["GET"]}}],"collection":[{"href":"https:\/\/agora.xtec.cat\/iesalella\/wp-json\/wp\/v2\/posts"}],"about":[{"href":"https:\/\/agora.xtec.cat\/iesalella\/wp-json\/wp\/v2\/types\/post"}],"author":[{"embeddable":true,"href":"https:\/\/agora.xtec.cat\/iesalella\/wp-json\/wp\/v2\/users\/1"}],"replies":[{"embeddable":true,"href":"https:\/\/agora.xtec.cat\/iesalella\/wp-json\/wp\/v2\/comments?post=5415"}],"version-history":[{"count":2,"href":"https:\/\/agora.xtec.cat\/iesalella\/wp-json\/wp\/v2\/posts\/5415\/revisions"}],"predecessor-version":[{"id":5421,"href":"https:\/\/agora.xtec.cat\/iesalella\/wp-json\/wp\/v2\/posts\/5415\/revisions\/5421"}],"wp:featuredmedia":[{"embeddable":true,"href":"https:\/\/agora.xtec.cat\/iesalella\/wp-json\/wp\/v2\/media\/5416"}],"wp:attachment":[{"href":"https:\/\/agora.xtec.cat\/iesalella\/wp-json\/wp\/v2\/media?parent=5415"}],"wp:term":[{"taxonomy":"category","embeddable":true,"href":"https:\/\/agora.xtec.cat\/iesalella\/wp-json\/wp\/v2\/categories?post=5415"},{"taxonomy":"post_tag","embeddable":true,"href":"https:\/\/agora.xtec.cat\/iesalella\/wp-json\/wp\/v2\/tags?post=5415"}],"curies":[{"name":"wp","href":"https:\/\/api.w.org\/{rel}","templated":true}]}}