{"id":5219,"date":"2019-04-01T08:00:08","date_gmt":"2019-04-01T06:00:08","guid":{"rendered":"http:\/\/agora.xtec.cat\/iesalella\/?p=5219"},"modified":"2019-04-15T11:45:33","modified_gmt":"2019-04-15T09:45:33","slug":"pau-redon-vuite-despanya-en-la-55a-olimpiada-matematica","status":"publish","type":"post","link":"https:\/\/agora.xtec.cat\/iesalella\/general\/pau-redon-vuite-despanya-en-la-55a-olimpiada-matematica\/","title":{"rendered":"Pau Red\u00f3n vuit\u00e8 d&#8217;Espanya en la 55a Olimp\u00edada matem\u00e0tica"},"content":{"rendered":"<p><a href=\"https:\/\/agora.xtec.cat\/iesalella\/wp-content\/uploads\/usu119\/2019\/03\/PauRedonOlimpiadaEsp.jpg\"><img loading=\"lazy\" decoding=\"async\" class=\"wp-image-5223 alignleft\" src=\"https:\/\/agora.xtec.cat\/iesalella\/wp-content\/uploads\/usu119\/2019\/03\/PauRedonOlimpiadaEsp.jpg\" alt=\"\" width=\"371\" height=\"370\" srcset=\"https:\/\/agora.xtec.cat\/iesalella\/wp-content\/uploads\/usu119\/2019\/03\/PauRedonOlimpiadaEsp.jpg 740w, https:\/\/agora.xtec.cat\/iesalella\/wp-content\/uploads\/usu119\/2019\/03\/PauRedonOlimpiadaEsp-150x150.jpg 150w, https:\/\/agora.xtec.cat\/iesalella\/wp-content\/uploads\/usu119\/2019\/03\/PauRedonOlimpiadaEsp-300x300.jpg 300w\" sizes=\"auto, (max-width: 371px) 100vw, 371px\" \/><\/a><a href=\"https:\/\/agora.xtec.cat\/iesalella\/wp-content\/uploads\/usu119\/2019\/03\/PremiPauRedon.jpg\"><br \/>\n<img loading=\"lazy\" decoding=\"async\" class=\"aligncenter wp-image-5220\" src=\"https:\/\/agora.xtec.cat\/iesalella\/wp-content\/uploads\/usu119\/2019\/03\/PremiPauRedon.jpg\" alt=\"\" width=\"421\" height=\"317\" srcset=\"https:\/\/agora.xtec.cat\/iesalella\/wp-content\/uploads\/usu119\/2019\/03\/PremiPauRedon.jpg 300w, https:\/\/agora.xtec.cat\/iesalella\/wp-content\/uploads\/usu119\/2019\/03\/PremiPauRedon-200x150.jpg 200w\" sizes=\"auto, (max-width: 421px) 100vw, 421px\" \/><\/a><\/p>\n<p>&nbsp;<\/p>\n<p>&nbsp;<\/p>\n<p style=\"font-weight: 400;\">El Pau Red\u00f3n Mu\u00f1oz, alumne de 2n de batxillerat de l&#8217;Ins Alella, ha quedat vuit\u00e8 en la <a href=\"http:\/\/www.olimpiadamatematica.es\/platea.pntic.mec.es\/_csanchez\/olimmain.html\">55a\u00a0Olimp\u00edada Matem\u00e0tica\u00a0Espanyola<\/a>,\u00a0emmarcada en la\u00a0<a href=\"https:\/\/www.imo-official.org\/\">60th International Mathematical Olympiad<\/a> (IMO 2019).<\/p>\n<p style=\"font-weight: 400;\">El passat 16 de desembre, el Pau va participar a la fase catalana, obtenint el segon premi i classificant-se, per tant, per a la fase espanyola, que s&#8217;ha celebrat el 23 de mar\u00e7 a Ourense. Hi han participat 78 estudiants de diferents comunitats.<\/p>\n<p style=\"font-weight: 400;\">La prova consisteix en dos ex\u00e0mens, de 3 hores i mitja, amb 3 problemes a cadascun que poden ser d&#8217;\u00e0lgebra, teoria de nombres, combinat\u00f2ria o geometria. Es necessita bastant m\u00e9s temari del que es tracta a batxillerat, per\u00f2 la dificultat est\u00e0 en qu\u00e8 cal tenir idees molt creatives per resoldre&#8217;ls.<\/p>\n<p style=\"font-weight: 400;\">Per preparar-se les olimp\u00edades, el Pau va dos cops per setmana a la <a href=\"https:\/\/fme.upc.edu\/ca\/estudiar-a-lfme\/activitats-per-a-secundaria\/proves-cangur-i-olimpiada\">UPC<\/a> a un curset espec\u00edfic, organitzat per professors de la mateixa facultat i antics participants del concurs.<\/p>\n<p style=\"font-weight: 400;\">Com que ha quedat vuit\u00e8, a part de rebre un premi de 500\u20ac, al juliol participar\u00e0 a una olimp\u00edada per equips. Molt b\u00e9, Pau!<\/p>\n","protected":false},"excerpt":{"rendered":"<p><a href=\"https:\/\/agora.xtec.cat\/iesalella\/wp-content\/uploads\/usu119\/2019\/03\/PauRedonOlimpiadaEsp.jpg\"><\/a><a href=\"https:\/\/agora.xtec.cat\/iesalella\/wp-content\/uploads\/usu119\/2019\/03\/PremiPauRedon.jpg\"><br \/>\n<\/a><br \/>\n&nbsp;<br \/>\n&nbsp;<br \/>\nEl Pau Red\u00f3n Mu\u00f1oz, alumne de 2n de batxillerat de l&#8217;Ins Alella, ha quedat vuit\u00e8 en la <a href=\"http:\/\/www.olimpiadamatematica.es\/platea.pntic.mec.es\/_csanchez\/olimmain.html\">55a\u00a0Olimp\u00edada Matem\u00e0tica\u00a0Espanyola<\/a>,\u00a0emmarcada en la\u00a0<a href=\"https:\/\/www.imo-official.org\/\">60th International Mathematical Olympiad<\/a> (IMO 2019).<br \/>\nEl passat 16 de desembre, el Pau va participar a la fase catalana, obtenint el segon&hellip;  <a href=\"https:\/\/agora.xtec.cat\/iesalella\/general\/pau-redon-vuite-despanya-en-la-55a-olimpiada-matematica\/\" title=\"Read Pau Red\u00f3n vuit\u00e8 d&#8217;Espanya en la 55a Olimp\u00edada matem\u00e0tica\">Llegeix m\u00e9s\u00bb<\/a><\/p>\n","protected":false},"author":1,"featured_media":5223,"comment_status":"open","ping_status":"closed","sticky":false,"template":"","format":"standard","meta":{"_bbp_topic_count":0,"_bbp_reply_count":0,"_bbp_total_topic_count":0,"_bbp_total_reply_count":0,"_bbp_voice_count":0,"_bbp_anonymous_reply_count":0,"_bbp_topic_count_hidden":0,"_bbp_reply_count_hidden":0,"_bbp_forum_subforum_count":0,"footnotes":""},"categories":[1,29],"tags":[],"class_list":["post-5219","post","type-post","status-publish","format-standard","has-post-thumbnail","hentry","category-general","category-portada"],"post_mailing_queue_ids":[],"_links":{"self":[{"href":"https:\/\/agora.xtec.cat\/iesalella\/wp-json\/wp\/v2\/posts\/5219","targetHints":{"allow":["GET"]}}],"collection":[{"href":"https:\/\/agora.xtec.cat\/iesalella\/wp-json\/wp\/v2\/posts"}],"about":[{"href":"https:\/\/agora.xtec.cat\/iesalella\/wp-json\/wp\/v2\/types\/post"}],"author":[{"embeddable":true,"href":"https:\/\/agora.xtec.cat\/iesalella\/wp-json\/wp\/v2\/users\/1"}],"replies":[{"embeddable":true,"href":"https:\/\/agora.xtec.cat\/iesalella\/wp-json\/wp\/v2\/comments?post=5219"}],"version-history":[{"count":3,"href":"https:\/\/agora.xtec.cat\/iesalella\/wp-json\/wp\/v2\/posts\/5219\/revisions"}],"predecessor-version":[{"id":5225,"href":"https:\/\/agora.xtec.cat\/iesalella\/wp-json\/wp\/v2\/posts\/5219\/revisions\/5225"}],"wp:featuredmedia":[{"embeddable":true,"href":"https:\/\/agora.xtec.cat\/iesalella\/wp-json\/wp\/v2\/media\/5223"}],"wp:attachment":[{"href":"https:\/\/agora.xtec.cat\/iesalella\/wp-json\/wp\/v2\/media?parent=5219"}],"wp:term":[{"taxonomy":"category","embeddable":true,"href":"https:\/\/agora.xtec.cat\/iesalella\/wp-json\/wp\/v2\/categories?post=5219"},{"taxonomy":"post_tag","embeddable":true,"href":"https:\/\/agora.xtec.cat\/iesalella\/wp-json\/wp\/v2\/tags?post=5219"}],"curies":[{"name":"wp","href":"https:\/\/api.w.org\/{rel}","templated":true}]}}