{"id":5182,"date":"2019-03-25T14:12:17","date_gmt":"2019-03-25T13:12:17","guid":{"rendered":"http:\/\/agora.xtec.cat\/iesalella\/?p=5182"},"modified":"2025-09-24T11:54:13","modified_gmt":"2025-09-24T09:54:13","slug":"alba-hernando-campiona-de-catalunya-al-certament-ciceronianvm-2019","status":"publish","type":"post","link":"https:\/\/agora.xtec.cat\/iesalella\/portada\/alba-hernando-campiona-de-catalunya-al-certament-ciceronianvm-2019\/","title":{"rendered":"Alba Hernando campiona de Catalunya al Certament Ciceronianvm 2019"},"content":{"rendered":"<p>Alba Hernando Blanch, alumna de 2n de batxillerat human\u00edstic de l&#8217;Ins Alella, ha estat la guanyadora de la fase catalana del\u00a0<a href=\"http:\/\/seec.cat\/certamen-ciceronianum\/\">CERTAMEN CICERONIANVM 2019<\/a>, que va tenir lloc a la Universitat de Barcelona el passat 7 de mar\u00e7. Aquest certamen \u00e9s de caire internacional i, a Catalunya, el gestiona la <a href=\"http:\/\/seec.cat\/\">Secci\u00f3 Catalana de la SEEC<\/a>, entitat que promou i impulsa el coneixement de la cultura cl\u00e0ssica.<\/p>\n<p>El treball de l&#8217;Alba, que va obtenir una puntuaci\u00f3 per part del jurat de 81\/100 punts, ara passa a la fase general espanyola i, per tant, s&#8217;enviar\u00e0 a la seu central de la SEEC (Madrid), on competir\u00e0 amb els millors treballs de les respectives Seccions.<\/p>\n<p>El guanyador del\u00a0<em>Certamen<\/em>\u00a0a Espanya obt\u00e9 una borsa de viatge de 1.000 \u20ac per assistir, acompanyat del seu professor, a la prova internacional del\u00a0<a href=\"https:\/\/www.certamenciceronianum.it\/it\/\"><em>Certamen Ciceronianum<\/em>\u00a0a la ciutat d\u2019Arpino<\/a> (It\u00e0lia).<\/p>\n<p><span style=\"font-family: inherit; font-size: 1em;\">La Secci\u00f3 Catalana de la SEEC ens ha felicitat, no solament pels bons resultats obtinguts, sin\u00f3 tamb\u00e9 per la dedicaci\u00f3 i entusiasme amb qu\u00e8, amb un esfor\u00e7 suplementari, el nostre professor de Llat\u00ed, l&#8217;Albert Prieto, prepara l&#8217;alumnat per dur a terme una prova d&#8217;excel\u00b7l\u00e8ncia com \u00e9s aquesta. Cosa que no \u00e9s f\u00e0cil, i que, amb independ\u00e8ncia de les qualificacions, \u00e9s un gran \u00e8xit aconseguir inculcar als nois i noies l&#8217;inter\u00e8s pel m\u00f3n cl\u00e0ssic i, en particular, per la llengua llatina.<\/span><\/p>\n<p>L&#8217;Alba, com a guanyadora de la fase catalana rebr\u00e0, juntament amb l&#8217;Albert, un diploma acreditatiu i un petit obsequi, en un acte que est\u00e0 previst per al mes de maig.<\/p>\n<p>Enhorabona a tots dos!<\/p>\n","protected":false},"excerpt":{"rendered":"<p>Alba Hernando Blanch, alumna de 2n de batxillerat human\u00edstic de l&#8217;Ins Alella, ha estat la guanyadora de la fase catalana del\u00a0<a href=\"http:\/\/seec.cat\/certamen-ciceronianum\/\">CERTAMEN CICERONIANVM 2019<\/a>, que va tenir lloc a la Universitat de Barcelona el passat 7 de mar\u00e7. Aquest certamen \u00e9s de caire internacional i,&hellip;  <a href=\"https:\/\/agora.xtec.cat\/iesalella\/portada\/alba-hernando-campiona-de-catalunya-al-certament-ciceronianvm-2019\/\" title=\"Read Alba Hernando campiona de Catalunya al Certament Ciceronianvm 2019\">Llegeix m\u00e9s\u00bb<\/a><\/p>\n","protected":false},"author":1,"featured_media":5191,"comment_status":"open","ping_status":"closed","sticky":false,"template":"","format":"standard","meta":{"_bbp_topic_count":0,"_bbp_reply_count":0,"_bbp_total_topic_count":0,"_bbp_total_reply_count":0,"_bbp_voice_count":0,"_bbp_anonymous_reply_count":0,"_bbp_topic_count_hidden":0,"_bbp_reply_count_hidden":0,"_bbp_forum_subforum_count":0,"footnotes":""},"categories":[29],"tags":[],"class_list":["post-5182","post","type-post","status-publish","format-standard","has-post-thumbnail","hentry","category-portada"],"post_mailing_queue_ids":[],"_links":{"self":[{"href":"https:\/\/agora.xtec.cat\/iesalella\/wp-json\/wp\/v2\/posts\/5182","targetHints":{"allow":["GET"]}}],"collection":[{"href":"https:\/\/agora.xtec.cat\/iesalella\/wp-json\/wp\/v2\/posts"}],"about":[{"href":"https:\/\/agora.xtec.cat\/iesalella\/wp-json\/wp\/v2\/types\/post"}],"author":[{"embeddable":true,"href":"https:\/\/agora.xtec.cat\/iesalella\/wp-json\/wp\/v2\/users\/1"}],"replies":[{"embeddable":true,"href":"https:\/\/agora.xtec.cat\/iesalella\/wp-json\/wp\/v2\/comments?post=5182"}],"version-history":[{"count":4,"href":"https:\/\/agora.xtec.cat\/iesalella\/wp-json\/wp\/v2\/posts\/5182\/revisions"}],"predecessor-version":[{"id":9206,"href":"https:\/\/agora.xtec.cat\/iesalella\/wp-json\/wp\/v2\/posts\/5182\/revisions\/9206"}],"wp:featuredmedia":[{"embeddable":true,"href":"https:\/\/agora.xtec.cat\/iesalella\/wp-json\/wp\/v2\/media\/5191"}],"wp:attachment":[{"href":"https:\/\/agora.xtec.cat\/iesalella\/wp-json\/wp\/v2\/media?parent=5182"}],"wp:term":[{"taxonomy":"category","embeddable":true,"href":"https:\/\/agora.xtec.cat\/iesalella\/wp-json\/wp\/v2\/categories?post=5182"},{"taxonomy":"post_tag","embeddable":true,"href":"https:\/\/agora.xtec.cat\/iesalella\/wp-json\/wp\/v2\/tags?post=5182"}],"curies":[{"name":"wp","href":"https:\/\/api.w.org\/{rel}","templated":true}]}}