{"id":4949,"date":"2018-11-06T14:04:59","date_gmt":"2018-11-06T13:04:59","guid":{"rendered":"http:\/\/agora.xtec.cat\/iesalella\/?p=4949"},"modified":"2018-11-06T14:25:46","modified_gmt":"2018-11-06T13:25:46","slug":"el-consell-escolar-es-renova-eleccions-curs-2018-2019","status":"publish","type":"post","link":"https:\/\/agora.xtec.cat\/iesalella\/general\/el-consell-escolar-es-renova-eleccions-curs-2018-2019\/","title":{"rendered":"El Consell escolar de l&#8217;Institut d&#8217;Alella es renova: participa-hi!"},"content":{"rendered":"<p><a href=\"https:\/\/agora.xtec.cat\/iesalella\/wp-content\/uploads\/usu119\/2018\/11\/ELECCIONS-CONSELL-ESCOLAR.png\"><img loading=\"lazy\" decoding=\"async\" class=\"aligncenter size-full wp-image-4951\" src=\"https:\/\/agora.xtec.cat\/iesalella\/wp-content\/uploads\/usu119\/2018\/11\/ELECCIONS-CONSELL-ESCOLAR.png\" alt=\"\" width=\"990\" height=\"370\" srcset=\"https:\/\/agora.xtec.cat\/iesalella\/wp-content\/uploads\/usu119\/2018\/11\/ELECCIONS-CONSELL-ESCOLAR.png 990w, https:\/\/agora.xtec.cat\/iesalella\/wp-content\/uploads\/usu119\/2018\/11\/ELECCIONS-CONSELL-ESCOLAR-300x112.png 300w, https:\/\/agora.xtec.cat\/iesalella\/wp-content\/uploads\/usu119\/2018\/11\/ELECCIONS-CONSELL-ESCOLAR-768x287.png 768w\" sizes=\"auto, (max-width: 990px) 100vw, 990px\" \/><\/a><\/p>\n<p><span style=\"font-weight: 400;\">D&#8217;acord amb el calendari previst pel Departament d&#8217;Ensenyament, ahir es va publicar la convocat\u00f2ria d&#8217;eleccions al Consell escolar al Taulell d&#8217;anuncis de l&#8217;institut. <\/span><\/p>\n<p><span style=\"font-weight: 400;\">Us recordem les dates m\u00e9s rellevants que seguir\u00e0 aquest proc\u00e9s electoral:<\/span><!--more--><\/p>\n<p><span style=\"font-weight: 400;\"><strong>&#8211; Del 6 al 9 de novembre:<\/strong> reclamacions del cens electoral, que ja est\u00e0 exposat al taulell d&#8217;anuncis del centre.<\/span><\/p>\n<p><span style=\"font-weight: 400;\"><strong>&#8211; 14 de novembre:<\/strong> constituci\u00f3 de les meses electorals, i resoluci\u00f3 de les reclamacions al cens <strong>electoral.<\/strong><\/span><\/p>\n<p><span style=\"font-weight: 400;\"><strong>&#8211; Abans del 16 de novembre:<\/strong> presentaci\u00f3 de candidatures.<\/span><\/p>\n<p><span style=\"font-weight: 400;\"><strong>&#8211; 20 de novembre:<\/strong> proclamaci\u00f3 de candidatures.<\/span><\/p>\n<p><span style=\"font-weight: 400;\"><strong>&#8211; 28 de novembre<\/strong>\u00a0(de 16h a 18:30h): <strong>votacions PARES<\/strong>. Lloc: <strong>biblioteca.<\/strong><\/span><\/p>\n<p><span style=\"font-weight: 400;\"><strong>&#8211; 28 de novembre<\/strong>\u00a0(a partir de les 8:30h): <strong>votacions ALUMNES.<\/strong><\/span><\/p>\n<p><span style=\"font-weight: 400;\"><strong>&#8211; 30 de novembre:<\/strong> fi del per\u00edode electoral.<\/span><\/p>\n<p>Animeu-vos a participar-hi i voteu!<\/p>\n<p>&nbsp;<\/p>\n","protected":false},"excerpt":{"rendered":"<p><a href=\"https:\/\/agora.xtec.cat\/iesalella\/wp-content\/uploads\/usu119\/2018\/11\/ELECCIONS-CONSELL-ESCOLAR.png\"><\/a><br \/>\nD&#8217;acord amb el calendari previst pel Departament d&#8217;Ensenyament, ahir es va publicar la convocat\u00f2ria d&#8217;eleccions al Consell escolar al Taulell d&#8217;anuncis de l&#8217;institut.<br \/>\nUs recordem les dates m\u00e9s rellevants que seguir\u00e0 aquest proc\u00e9s electoral:<\/p>\n","protected":false},"author":1,"featured_media":0,"comment_status":"open","ping_status":"closed","sticky":false,"template":"","format":"standard","meta":{"_bbp_topic_count":0,"_bbp_reply_count":0,"_bbp_total_topic_count":0,"_bbp_total_reply_count":0,"_bbp_voice_count":0,"_bbp_anonymous_reply_count":0,"_bbp_topic_count_hidden":0,"_bbp_reply_count_hidden":0,"_bbp_forum_subforum_count":0,"footnotes":""},"categories":[1,29],"tags":[],"class_list":["post-4949","post","type-post","status-publish","format-standard","hentry","category-general","category-portada"],"post_mailing_queue_ids":[],"_links":{"self":[{"href":"https:\/\/agora.xtec.cat\/iesalella\/wp-json\/wp\/v2\/posts\/4949","targetHints":{"allow":["GET"]}}],"collection":[{"href":"https:\/\/agora.xtec.cat\/iesalella\/wp-json\/wp\/v2\/posts"}],"about":[{"href":"https:\/\/agora.xtec.cat\/iesalella\/wp-json\/wp\/v2\/types\/post"}],"author":[{"embeddable":true,"href":"https:\/\/agora.xtec.cat\/iesalella\/wp-json\/wp\/v2\/users\/1"}],"replies":[{"embeddable":true,"href":"https:\/\/agora.xtec.cat\/iesalella\/wp-json\/wp\/v2\/comments?post=4949"}],"version-history":[{"count":4,"href":"https:\/\/agora.xtec.cat\/iesalella\/wp-json\/wp\/v2\/posts\/4949\/revisions"}],"predecessor-version":[{"id":4958,"href":"https:\/\/agora.xtec.cat\/iesalella\/wp-json\/wp\/v2\/posts\/4949\/revisions\/4958"}],"wp:attachment":[{"href":"https:\/\/agora.xtec.cat\/iesalella\/wp-json\/wp\/v2\/media?parent=4949"}],"wp:term":[{"taxonomy":"category","embeddable":true,"href":"https:\/\/agora.xtec.cat\/iesalella\/wp-json\/wp\/v2\/categories?post=4949"},{"taxonomy":"post_tag","embeddable":true,"href":"https:\/\/agora.xtec.cat\/iesalella\/wp-json\/wp\/v2\/tags?post=4949"}],"curies":[{"name":"wp","href":"https:\/\/api.w.org\/{rel}","templated":true}]}}