{"id":4938,"date":"2018-10-26T13:24:53","date_gmt":"2018-10-26T11:24:53","guid":{"rendered":"http:\/\/agora.xtec.cat\/iesalella\/?p=4938"},"modified":"2018-10-30T14:12:24","modified_gmt":"2018-10-30T13:12:24","slug":"lins-alella-acull-les-11es-jornades-francesc-ferrer-i-guardia","status":"publish","type":"post","link":"https:\/\/agora.xtec.cat\/iesalella\/general\/lins-alella-acull-les-11es-jornades-francesc-ferrer-i-guardia\/","title":{"rendered":"L&#8217;INS Alella acull les 11es Jornades Francesc Ferrer i Gu\u00e0rdia"},"content":{"rendered":"<h4><a href=\"https:\/\/agora.xtec.cat\/iesalella\/wp-content\/uploads\/usu119\/2018\/10\/banner-quadrat-JFiG.jpg\"><img loading=\"lazy\" decoding=\"async\" class=\"size-full wp-image-4943 alignleft\" src=\"https:\/\/agora.xtec.cat\/iesalella\/wp-content\/uploads\/usu119\/2018\/10\/banner-quadrat-JFiG.jpg\" alt=\"\" width=\"450\" height=\"450\" srcset=\"https:\/\/agora.xtec.cat\/iesalella\/wp-content\/uploads\/usu119\/2018\/10\/banner-quadrat-JFiG.jpg 450w, https:\/\/agora.xtec.cat\/iesalella\/wp-content\/uploads\/usu119\/2018\/10\/banner-quadrat-JFiG-150x150.jpg 150w, https:\/\/agora.xtec.cat\/iesalella\/wp-content\/uploads\/usu119\/2018\/10\/banner-quadrat-JFiG-300x300.jpg 300w\" sizes=\"auto, (max-width: 450px) 100vw, 450px\" \/><\/a>Enguany, se celebra l&#8217;onzena edici\u00f3 de les Jornades d&#8217;Innovaci\u00f3 Educativa Francesc Ferrer i Gu\u00e0rdia, que tindran lloc els dies 6, 7, i 8 de novembre, a l\u2019Institut Alella de 17 a 20h.<\/h4>\n<p>Sota el t\u00edtol\u00a0<em><strong>El repte de l\u2019educaci\u00f3 a l\u2019era digital<\/strong><\/em>, es\u00a0plantejaran diverses q\u00fcestions <span style=\"font-family: inherit; font-size: 1em;\">en forma de pon\u00e8ncies, tallers i experi\u00e8ncies, per tal de reflexionar, de forma constructiva,\u00a0<\/span>sobre la integraci\u00f3 de les Tecnologies de la Informaci\u00f3 i la Comunicaci\u00f3 (TIC) en l\u2019\u00e0mbit educatiu, en el marc d\u2019una societat globalitzada i sustentada per l\u2019\u00fas generalitzat d\u2019aquestes tecnologies.\u00a0<!--more--><\/p>\n<p>A m\u00e9s de les pon\u00e8ncies i tallers, el dia 7 de novembre tindr\u00e0 lloc una fira de rob\u00f2tica amb alumnes de centres educatius de prim\u00e0ria i secund\u00e0ria del Baix Maresme, organitzada pel Centre de recursos pedag\u00f2gics del Baix Maresme.<\/p>\n<p>El punt final de les jornades ser\u00e0 dissabte 10 de novembre, amb un conjunt de tallers adre\u00e7ats al p\u00fablic familiar que es desenvluparan al llarg del mat\u00ed.<\/p>\n<p><strong>ATENCI\u00d3: les Jornades s\u00f3n gratu\u00eftes per\u00f2 \u00e9s necess\u00e0ria la inscripci\u00f3 mitjan\u00e7ant els seg\u00fcents formularis:<\/strong><\/p>\n<p>Fam\u00edlies i p\u00fablic general:\u00a0<a href=\"http:\/\/www.alella.cat\/formulari.php?id=10051\">Formulari P\u00daBLIC GENERAL<\/a><\/p>\n<p>Professionals de l&#8217;\u00e0mbit educatiu: <a href=\"http:\/\/xtec.gencat.cat\/ca\/formacio\/formacio-permanent-professorat\/cercador-activitats?avan=Torna+al+cercador+inicial\">Formulari DOCENTS<\/a><\/p>\n<p>Obtindreu m\u00e9s informaci\u00f3 i us podeu\u00a0descaregar el tr\u00edptic de la jornada en aquest <a href=\"http:\/\/www.alella.cat\/jornadesferreriguardia\">ENLLA\u00c7<\/a><\/p>\n","protected":false},"excerpt":{"rendered":"<p><a href=\"https:\/\/agora.xtec.cat\/iesalella\/wp-content\/uploads\/usu119\/2018\/10\/banner-quadrat-JFiG.jpg\"><\/a>Enguany, se celebra l&#8217;onzena edici\u00f3 de les Jornades d&#8217;Innovaci\u00f3 Educativa Francesc Ferrer i Gu\u00e0rdia, que tindran lloc els dies 6, 7, i 8 de novembre, a l\u2019Institut Alella de 17 a 20h.<br \/>\nSota el t\u00edtol\u00a0El repte de l\u2019educaci\u00f3 a l\u2019era digital, es\u00a0plantejaran diverses q\u00fcestions en&hellip;  <a href=\"https:\/\/agora.xtec.cat\/iesalella\/general\/lins-alella-acull-les-11es-jornades-francesc-ferrer-i-guardia\/\" title=\"Read L&#8217;INS Alella acull les 11es Jornades Francesc Ferrer i Gu\u00e0rdia\">Llegeix m\u00e9s\u00bb<\/a><\/p>\n","protected":false},"author":1,"featured_media":0,"comment_status":"open","ping_status":"closed","sticky":false,"template":"","format":"standard","meta":{"_bbp_topic_count":0,"_bbp_reply_count":0,"_bbp_total_topic_count":0,"_bbp_total_reply_count":0,"_bbp_voice_count":0,"_bbp_anonymous_reply_count":0,"_bbp_topic_count_hidden":0,"_bbp_reply_count_hidden":0,"_bbp_forum_subforum_count":0,"footnotes":""},"categories":[1,29],"tags":[],"class_list":["post-4938","post","type-post","status-publish","format-standard","hentry","category-general","category-portada"],"post_mailing_queue_ids":[],"_links":{"self":[{"href":"https:\/\/agora.xtec.cat\/iesalella\/wp-json\/wp\/v2\/posts\/4938","targetHints":{"allow":["GET"]}}],"collection":[{"href":"https:\/\/agora.xtec.cat\/iesalella\/wp-json\/wp\/v2\/posts"}],"about":[{"href":"https:\/\/agora.xtec.cat\/iesalella\/wp-json\/wp\/v2\/types\/post"}],"author":[{"embeddable":true,"href":"https:\/\/agora.xtec.cat\/iesalella\/wp-json\/wp\/v2\/users\/1"}],"replies":[{"embeddable":true,"href":"https:\/\/agora.xtec.cat\/iesalella\/wp-json\/wp\/v2\/comments?post=4938"}],"version-history":[{"count":3,"href":"https:\/\/agora.xtec.cat\/iesalella\/wp-json\/wp\/v2\/posts\/4938\/revisions"}],"predecessor-version":[{"id":4945,"href":"https:\/\/agora.xtec.cat\/iesalella\/wp-json\/wp\/v2\/posts\/4938\/revisions\/4945"}],"wp:attachment":[{"href":"https:\/\/agora.xtec.cat\/iesalella\/wp-json\/wp\/v2\/media?parent=4938"}],"wp:term":[{"taxonomy":"category","embeddable":true,"href":"https:\/\/agora.xtec.cat\/iesalella\/wp-json\/wp\/v2\/categories?post=4938"},{"taxonomy":"post_tag","embeddable":true,"href":"https:\/\/agora.xtec.cat\/iesalella\/wp-json\/wp\/v2\/tags?post=4938"}],"curies":[{"name":"wp","href":"https:\/\/api.w.org\/{rel}","templated":true}]}}